{"id":24378,"date":"2021-03-06T17:22:10","date_gmt":"2021-03-06T23:22:10","guid":{"rendered":"http:\/\/www.zonaroja.com.mx\/?p=24378"},"modified":"2021-03-06T17:22:14","modified_gmt":"2021-03-06T23:22:14","slug":"marzo-avanza-con-6-mujeres-y-ninas-desaparecidas-la-mayoria-menores","status":"publish","type":"post","link":"https:\/\/zonaroja.com.mx\/?p=24378","title":{"rendered":"Marzo avanza con 6 mujeres y ni\u00f1as desaparecidas; la mayor\u00eda, menores"},"content":{"rendered":"\n<p>Yuridiana Sosa\/Zona Roja.<\/p>\n\n\n\n<p>Oaxaca de Ju\u00e1rez, Oax., 6 de marzo de 2021.- El tercer mes del a\u00f1o, denominado como \u201cde la mujer\u201d, avanza con reportes de al menos seis ni\u00f1as, adolescentes y mujeres j\u00f3venes desaparecidas en Oaxaca.<\/p>\n\n\n\n<p>Las v\u00edctimas reportadas durante los primeros d\u00edas de marzo son de las regiones del Valles Centrales, Istmo, Costa y Mixteca, entre los 12 y 23 a\u00f1os de edad.<\/p>\n\n\n\n<p>Este viernes, la Unidad de B\u00fasqueda de Personas Desaparecidas y No Localizadas report\u00f3 la desaparici\u00f3n de Ingrid Arimiza Hern\u00e1ndez S\u00e1nchez, menor de 12 a\u00f1os de edad, vista por \u00faltima vez desde del 4 de marzo en la localidad de La Barra de Colotepec del municipio de Santa Mar\u00eda Colotepec, en la Costa.<\/p>\n\n\n\n<p>Tambi\u00e9n inform\u00f3 de la no localizaci\u00f3n de Marisol Chandomi Natar\u00e9n, quien a pesar que fue vista por \u00faltima vez desde el pasado 24 de febrero, apenas este 4 de marzo se public\u00f3 su ficha de b\u00fasqueda.<\/p>\n\n\n\n<p>Marisol tiene 15 a\u00f1os de edad y su \u00faltima localizaci\u00f3n fue en la colonia La Moderna del municipio de Ciudad Ixtepec, en la regi\u00f3n del Istmo. Un d\u00eda antes, se dio a conocer el caso de Mar\u00eda Elena Santiago Izaguirre, de 13 a\u00f1os de edad, vista desde el pasado 27 de febrero en Juchit\u00e1n de Zaragoza.<\/p>\n\n\n\n<p>Mientras que el pasado 2 de marzo, se difundi\u00f3 la ficha para localizar a Lizbeth L\u00f3pez Mendoza, de 23 a\u00f1os de edad, quien iba en compa\u00f1\u00eda de su hija Vanessa Cortes L\u00f3pez, de un a\u00f1o de edad.<\/p>\n\n\n\n<p>Su familia perdi\u00f3 comunicaci\u00f3n con la joven madre desde el 1 de marzo tras ser vista en el paraje \u201cLa Cantinflora\u201d del municipio de Chalcatongo de Hidalgo, en la Mixteca.<\/p>\n\n\n\n<p>Sof\u00eda Cruz P\u00e9rez es otra adolescente, de 13 a\u00f1os de edad, que es v\u00edctima de desaparici\u00f3n, que fue vista por \u00faltima vez el pasado 27 de febrero en Rancho San Jos\u00e9 de Santo Domingo Barrio Alto, del distrito de Villa de Etla, en los Valles Centrales. Su caso se difundi\u00f3 el 2 de marzo.<\/p>\n\n\n\n<p>Para el caso de los varones, las desapariciones tambi\u00e9n persisten. En este mes se han dado a conocer tres casos.<\/p>\n\n\n\n<p>Neftal\u00ed Herrera Montealegre, de 34 a\u00f1os, fue visto por \u00faltima vez el domingo 28 de febrero en San Bartolo Coyotepec, a bordo del veh\u00edculo tipo Tsuru, de color rojo, habilitado como taxi for\u00e1neo sitio \u00abJuchiteca\u00bb con n\u00famero econ\u00f3mico 30, con la leyenda \u201cGuadalupe Ram\u00edrez\u201d en el parabrisas.<\/p>\n\n\n\n<p>El 2 de marzo se conoci\u00f3 de la desaparici\u00f3n de&nbsp; Jos\u00e9 Luis Cenovio Coyohua, de 31 a\u00f1os, visto desde el 28 de febrero en la terminal del ADO, en San Juan Bautista Tuxtepec, en la regi\u00f3n de Cuenca.<\/p>\n","protected":false},"excerpt":{"rendered":"<p>Yuridiana Sosa\/Zona Roja. Oaxaca de Ju\u00e1rez, Oax., 6 de marzo de 2021.- El tercer mes&hellip;<\/p>\n","protected":false},"author":2,"featured_media":24379,"comment_status":"closed","ping_status":"open","sticky":false,"template":"","format":"standard","meta":{"_lmt_disableupdate":"","_lmt_disable":"","_jetpack_memberships_contains_paid_content":false,"footnotes":""},"categories":[109,47],"tags":[2507],"class_list":["post-24378","post","type-post","status-publish","format-standard","has-post-thumbnail","hentry","category-minuto-a-minuto","category-zona-gris","tag-mujeres"],"jetpack_featured_media_url":"https:\/\/zonaroja.com.mx\/wp-content\/uploads\/2021\/03\/mujeres-desaparecidas-Oaxaca.jpg","jetpack_sharing_enabled":true,"_links":{"self":[{"href":"https:\/\/zonaroja.com.mx\/index.php?rest_route=\/wp\/v2\/posts\/24378","targetHints":{"allow":["GET"]}}],"collection":[{"href":"https:\/\/zonaroja.com.mx\/index.php?rest_route=\/wp\/v2\/posts"}],"about":[{"href":"https:\/\/zonaroja.com.mx\/index.php?rest_route=\/wp\/v2\/types\/post"}],"author":[{"embeddable":true,"href":"https:\/\/zonaroja.com.mx\/index.php?rest_route=\/wp\/v2\/users\/2"}],"replies":[{"embeddable":true,"href":"https:\/\/zonaroja.com.mx\/index.php?rest_route=%2Fwp%2Fv2%2Fcomments&post=24378"}],"version-history":[{"count":1,"href":"https:\/\/zonaroja.com.mx\/index.php?rest_route=\/wp\/v2\/posts\/24378\/revisions"}],"predecessor-version":[{"id":24380,"href":"https:\/\/zonaroja.com.mx\/index.php?rest_route=\/wp\/v2\/posts\/24378\/revisions\/24380"}],"wp:featuredmedia":[{"embeddable":true,"href":"https:\/\/zonaroja.com.mx\/index.php?rest_route=\/wp\/v2\/media\/24379"}],"wp:attachment":[{"href":"https:\/\/zonaroja.com.mx\/index.php?rest_route=%2Fwp%2Fv2%2Fmedia&parent=24378"}],"wp:term":[{"taxonomy":"category","embeddable":true,"href":"https:\/\/zonaroja.com.mx\/index.php?rest_route=%2Fwp%2Fv2%2Fcategories&post=24378"},{"taxonomy":"post_tag","embeddable":true,"href":"https:\/\/zonaroja.com.mx\/index.php?rest_route=%2Fwp%2Fv2%2Ftags&post=24378"}],"curies":[{"name":"wp","href":"https:\/\/api.w.org\/{rel}","templated":true}]}}