{"id":24381,"date":"2021-03-06T20:12:27","date_gmt":"2021-03-07T02:12:27","guid":{"rendered":"http:\/\/www.zonaroja.com.mx\/?p=24381"},"modified":"2021-03-06T20:12:30","modified_gmt":"2021-03-07T02:12:30","slug":"designarian-a-mario-pradillo-como-candidato-a-edil-de-santa-lucia-del-camino","status":"publish","type":"post","link":"https:\/\/zonaroja.com.mx\/?p=24381","title":{"rendered":"Designar\u00edan a Mario Pradillo como candidato a edil de Santa Luc\u00eda del Camino"},"content":{"rendered":"\n<p>Redacci\u00f3n\/Zona Roja.<\/p>\n\n\n\n<p>Santa Luc\u00eda del Camino, Oax., 6 de marzo de 2021.- El maestro Mario Luis Pradillo S\u00e1nchez ser\u00eda el candidato a presidente municipal por el Partido Morena en el municipio de Santa Luc\u00eda del Camino, conforme a los resultados arrojados por la encuestadora, Bur\u00f3 de Opini\u00f3n M y M y Asociados.<\/p>\n\n\n\n<p>La empresa nacional detall\u00f3 en sus estad\u00edsticas &#8211;luego de un sondeo realizado a finales del mes de febrero de 2021&#8211; que Pradillo S\u00e1nchez mostr\u00f3 el 31 por ciento de las preferencias entre los simpatizantes de Morena, seguido de Juan Carlos Garc\u00eda y Adri\u00e1n Rojas empatados con un 12.25 por ciento y Eunice Pacheco con un siete por ciento.<\/p>\n\n\n\n<p>Cabe mencionar que el presidente del Comit\u00e9 Ejecutivo Estatal de Morena en Oaxaca, Sesul Bola\u00f1os L\u00f3pez, se\u00f1al\u00f3 que se registraron m\u00e1s de 20 aspirantes a la candidatura de Morena en Santa Luc\u00eda.<\/p>\n\n\n\n<p>LA ENCUESTA<\/p>\n\n\n\n<p>Durante el par\u00e1metro de medici\u00f3n, tambi\u00e9n preguntaron sobre qui\u00e9n le gustar\u00eda que fuera el pr\u00f3ximo presidente municipal; el 17.5 por ciento contest\u00f3 que Mario pradillo, el seis por ciento Juan Carlos Garc\u00eda, el 3.25 por ciento Adri\u00e1n Rojas, el 1.75 por ciento Eunice Pacheco, el 1.5 Dante Monta\u00f1o y 1 por ciento Leticia Cruz.<\/p>\n\n\n\n<p>A la pregunta por qu\u00e9 partido ya no volver\u00edan a votar, la mayor\u00eda de los encuestados bajo la metodolog\u00eda de casa por casa y en centros de concurrencia, indicaron que ya no volver\u00edan a confiar en el Partido Revolucionario Institucional (PRI).<\/p>\n\n\n\n<figure class=\"wp-block-image size-large\"><img decoding=\"async\" width=\"1024\" height=\"451\" src=\"http:\/\/www.zonaroja.com.mx\/wp-content\/uploads\/2021\/03\/Encuesta-Mario-Pradillo-1024x451.jpg\" alt=\"\" class=\"wp-image-24383\" srcset=\"https:\/\/zonaroja.com.mx\/wp-content\/uploads\/2021\/03\/Encuesta-Mario-Pradillo-1024x451.jpg 1024w, https:\/\/zonaroja.com.mx\/wp-content\/uploads\/2021\/03\/Encuesta-Mario-Pradillo-300x132.jpg 300w, https:\/\/zonaroja.com.mx\/wp-content\/uploads\/2021\/03\/Encuesta-Mario-Pradillo-768x338.jpg 768w, https:\/\/zonaroja.com.mx\/wp-content\/uploads\/2021\/03\/Encuesta-Mario-Pradillo-1170x515.jpg 1170w, https:\/\/zonaroja.com.mx\/wp-content\/uploads\/2021\/03\/Encuesta-Mario-Pradillo-585x257.jpg 585w, https:\/\/zonaroja.com.mx\/wp-content\/uploads\/2021\/03\/Encuesta-Mario-Pradillo.jpg 1200w\" sizes=\"(max-width: 1024px) 100vw, 1024px\" \/><\/figure>\n\n\n\n<p>Los vecinos tambi\u00e9n se quejaron en su mayor\u00eda de la falta de agua potable, pavimentaci\u00f3n, drenaje, corrupci\u00f3n, falta de alumbrado p\u00fablico e inseguridad.<\/p>\n\n\n\n<p>En preferencias partidistas las encuestas favorecieron a Morena con un 38 por ciento, y el 50 por ciento de los participantes indicaron que su voto lo decide el candidato, seguido de sus propuestas y el partido.<\/p>\n\n\n\n<p>\u00bfQUI\u00c9N ES?<\/p>\n\n\n\n<p>El licenciado en Derecho, Mario Luis Pradillo S\u00e1nchez, se presenta en sus redes sociales como un hombre de fe, apasionado de la justicia y el trabajo social, tiene 39 a\u00f1os, cuenta con estudios de maestr\u00eda, y es padre de familia de tres hijos.<\/p>\n\n\n\n<p>Como servidor p\u00fablico, colabor\u00f3 en distintos cargos municipales, estatales y federales, entre ellos fue meritorio en el a\u00f1o 2000, en el ayuntamiento de Santa Luc\u00eda del Camino, actualmente cuenta con su propio despacho.<\/p>\n\n\n\n<p>Preside la \u201cFundaci\u00f3n Pradillo\u201d, creada desde el a\u00f1o 2013, tambi\u00e9n gestiona respiradores de ox\u00edgeno para vecinos personas que lo necesiten ante la pandemia por Covid 19, l\u00e1mparas para postes que no cuentan con ellas y realiza torneos deportivos en Santa Luc\u00eda del Camino.<\/p>\n","protected":false},"excerpt":{"rendered":"<p>Redacci\u00f3n\/Zona Roja. Santa Luc\u00eda del Camino, Oax., 6 de marzo de 2021.- El maestro Mario&hellip;<\/p>\n","protected":false},"author":2,"featured_media":24382,"comment_status":"closed","ping_status":"open","sticky":false,"template":"","format":"standard","meta":{"_lmt_disableupdate":"","_lmt_disable":"","_jetpack_memberships_contains_paid_content":false,"footnotes":""},"categories":[109,46],"tags":[2508],"class_list":["post-24381","post","type-post","status-publish","format-standard","has-post-thumbnail","hentry","category-minuto-a-minuto","category-zona-blanca","tag-mario-luis-pradillo-sanchez"],"jetpack_featured_media_url":"https:\/\/zonaroja.com.mx\/wp-content\/uploads\/2021\/03\/Mario-Pradillo.jpg","jetpack_sharing_enabled":true,"_links":{"self":[{"href":"https:\/\/zonaroja.com.mx\/index.php?rest_route=\/wp\/v2\/posts\/24381","targetHints":{"allow":["GET"]}}],"collection":[{"href":"https:\/\/zonaroja.com.mx\/index.php?rest_route=\/wp\/v2\/posts"}],"about":[{"href":"https:\/\/zonaroja.com.mx\/index.php?rest_route=\/wp\/v2\/types\/post"}],"author":[{"embeddable":true,"href":"https:\/\/zonaroja.com.mx\/index.php?rest_route=\/wp\/v2\/users\/2"}],"replies":[{"embeddable":true,"href":"https:\/\/zonaroja.com.mx\/index.php?rest_route=%2Fwp%2Fv2%2Fcomments&post=24381"}],"version-history":[{"count":1,"href":"https:\/\/zonaroja.com.mx\/index.php?rest_route=\/wp\/v2\/posts\/24381\/revisions"}],"predecessor-version":[{"id":24384,"href":"https:\/\/zonaroja.com.mx\/index.php?rest_route=\/wp\/v2\/posts\/24381\/revisions\/24384"}],"wp:featuredmedia":[{"embeddable":true,"href":"https:\/\/zonaroja.com.mx\/index.php?rest_route=\/wp\/v2\/media\/24382"}],"wp:attachment":[{"href":"https:\/\/zonaroja.com.mx\/index.php?rest_route=%2Fwp%2Fv2%2Fmedia&parent=24381"}],"wp:term":[{"taxonomy":"category","embeddable":true,"href":"https:\/\/zonaroja.com.mx\/index.php?rest_route=%2Fwp%2Fv2%2Fcategories&post=24381"},{"taxonomy":"post_tag","embeddable":true,"href":"https:\/\/zonaroja.com.mx\/index.php?rest_route=%2Fwp%2Fv2%2Ftags&post=24381"}],"curies":[{"name":"wp","href":"https:\/\/api.w.org\/{rel}","templated":true}]}}