{"id":24393,"date":"2021-03-07T07:25:02","date_gmt":"2021-03-07T13:25:02","guid":{"rendered":"http:\/\/www.zonaroja.com.mx\/?p=24393"},"modified":"2021-03-07T07:25:05","modified_gmt":"2021-03-07T13:25:05","slug":"ponen-valla-en-palacio-feministas-protestan-y-amlo-dice-que-es-muro-de-paz","status":"publish","type":"post","link":"https:\/\/zonaroja.com.mx\/?p=24393","title":{"rendered":"Ponen valla en Palacio; feministas protestan y AMLO dice que es muro de paz"},"content":{"rendered":"\n<p>Redacci\u00f3n\/Zona Roja Cdmx.<\/p>\n\n\n\n<p>Ciudad de M\u00e9xico, 7 de marzo de 2021.- Tras la colocaci\u00f3n de vallas met\u00e1licas para proteger el Palacio Nacional y otros inmuebles p\u00fablicos de posibles actos vand\u00e1licos que se realicen el 8 de marzo, colectivos feministas repudiaron la acci\u00f3n del gobierno del Presidente Andr\u00e9s Manuel L\u00f3pez Obrador y respondieron con pintas.<\/p>\n\n\n\n<p>Desde ayer por la tarde, v\u00edsperas del D\u00eda Internacional de la Mujer, mujeres y hombres pintaron un enorme letrero, \u201cV\u00edctimas de feminicidio\u201d y los nombres las v\u00edctimas y de la violencia en el pa\u00eds, a manera de reproche a la desatenci\u00f3n gubernamental.<\/p>\n\n\n\n<p>Horas despu\u00e9s de la instalaci\u00f3n de las vallas met\u00e1licas en el per\u00edmetro de Palacio Nacional, por las pr\u00f3ximas movilizaciones de colectivas y organizaciones feministas por el D\u00eda Internacional de la Mujer (8M), integrantes del gobierno de M\u00e9xico defendieron y justificaron la colocaci\u00f3n del llamado \u201cmuro de paz\u201d.<\/p>\n\n\n\n<p>PARA PROTEGER<\/p>\n\n\n\n<p>En gira de trabajo por Yucat\u00e1n, el presidente L\u00f3pez Obrador respondi\u00f3 que la valla met\u00e1lica es para evitar que \u201cinfiltrados\u201d en las marchas vandalicen el recinto hist\u00f3rico y evitar una provocaci\u00f3n que derive en confrontaci\u00f3n con los elementos de la polic\u00eda capitalina.<\/p>\n\n\n\n<p>Expuso que la protecci\u00f3n met\u00e1lica no es por miedo, y garantiz\u00f3 que no se va a reprimir a ninguna persona que se manifieste el 8 de marzo.<\/p>\n\n\n\n<p>\u201cNunca vamos a reprimir al pueblo, pero s\u00ed tenemos que evitar las provocaciones, la gente que quiere nada m\u00e1s causar da\u00f1o. Imag\u00ednense que no se cuide el Palacio Nacional y lo vandalizan. \u00bfQu\u00e9 imagen se da en el mundo?\u201d, cuestion\u00f3.<\/p>\n\n\n\n<p>El vocero del Gobierno Federal, Jes\u00fas Ram\u00edrez, sostuvo que se trata de un elemento para resguardar.<\/p>\n\n\n\n<p>\u201cEs para proteger y no para reprimir; para cuidar el patrimonio de todos los mexicanos y evitar la confrontaci\u00f3n. Es un muro de paz que garantiza la libertad\u201d, asever\u00f3.<\/p>\n\n\n\n<p>La secretaria de Gobernaci\u00f3n, Olga S\u00e1nchez Cordero, respald\u00f3 la instalaci\u00f3n: \u201cSon para protecci\u00f3n de las mujeres, porque el otro d\u00eda varias salieron lesionadas y quemadas por las mismas manifestantes que, lamentablemente, por falta de sororidad, atacaban a las polic\u00edas y entre ellas mismas\u201d, consider\u00f3.<\/p>\n\n\n\n<p>Desde este domingo, pero principalmente el lunes, 8 de marzo, D\u00eda Internacional de la Mujer, se prev\u00e9n marchas y protestas en todo el pa\u00eds, principalmente en la Ciudad de M\u00e9xico, ante el alarmante incremento de feminicidios y violencia contra las mujeres.<\/p>\n\n\n\n<p>(Informaci\u00f3n de agencias)<\/p>\n","protected":false},"excerpt":{"rendered":"<p>Redacci\u00f3n\/Zona Roja Cdmx. Ciudad de M\u00e9xico, 7 de marzo de 2021.- Tras la colocaci\u00f3n de&hellip;<\/p>\n","protected":false},"author":2,"featured_media":24394,"comment_status":"closed","ping_status":"open","sticky":false,"template":"","format":"standard","meta":{"_lmt_disableupdate":"","_lmt_disable":"","_jetpack_memberships_contains_paid_content":false,"footnotes":""},"categories":[109,47],"tags":[1480],"class_list":["post-24393","post","type-post","status-publish","format-standard","has-post-thumbnail","hentry","category-minuto-a-minuto","category-zona-gris","tag-dia-internacional-de-la-mujer"],"jetpack_featured_media_url":"https:\/\/zonaroja.com.mx\/wp-content\/uploads\/2021\/03\/Valla-Palacio-Nacional.jpg","jetpack_sharing_enabled":true,"_links":{"self":[{"href":"https:\/\/zonaroja.com.mx\/index.php?rest_route=\/wp\/v2\/posts\/24393","targetHints":{"allow":["GET"]}}],"collection":[{"href":"https:\/\/zonaroja.com.mx\/index.php?rest_route=\/wp\/v2\/posts"}],"about":[{"href":"https:\/\/zonaroja.com.mx\/index.php?rest_route=\/wp\/v2\/types\/post"}],"author":[{"embeddable":true,"href":"https:\/\/zonaroja.com.mx\/index.php?rest_route=\/wp\/v2\/users\/2"}],"replies":[{"embeddable":true,"href":"https:\/\/zonaroja.com.mx\/index.php?rest_route=%2Fwp%2Fv2%2Fcomments&post=24393"}],"version-history":[{"count":1,"href":"https:\/\/zonaroja.com.mx\/index.php?rest_route=\/wp\/v2\/posts\/24393\/revisions"}],"predecessor-version":[{"id":24395,"href":"https:\/\/zonaroja.com.mx\/index.php?rest_route=\/wp\/v2\/posts\/24393\/revisions\/24395"}],"wp:featuredmedia":[{"embeddable":true,"href":"https:\/\/zonaroja.com.mx\/index.php?rest_route=\/wp\/v2\/media\/24394"}],"wp:attachment":[{"href":"https:\/\/zonaroja.com.mx\/index.php?rest_route=%2Fwp%2Fv2%2Fmedia&parent=24393"}],"wp:term":[{"taxonomy":"category","embeddable":true,"href":"https:\/\/zonaroja.com.mx\/index.php?rest_route=%2Fwp%2Fv2%2Fcategories&post=24393"},{"taxonomy":"post_tag","embeddable":true,"href":"https:\/\/zonaroja.com.mx\/index.php?rest_route=%2Fwp%2Fv2%2Ftags&post=24393"}],"curies":[{"name":"wp","href":"https:\/\/api.w.org\/{rel}","templated":true}]}}