{"id":24399,"date":"2021-03-07T07:50:50","date_gmt":"2021-03-07T13:50:50","guid":{"rendered":"http:\/\/www.zonaroja.com.mx\/?p=24399"},"modified":"2021-03-07T07:50:54","modified_gmt":"2021-03-07T13:50:54","slug":"mujeres-aun-con-desventajas-en-mexico-pese-a-ser-mas-de-la-mitad-de-la-poblacion","status":"publish","type":"post","link":"https:\/\/zonaroja.com.mx\/?p=24399","title":{"rendered":"Mujeres, a\u00fan con desventajas en M\u00e9xico, pese a ser m\u00e1s de la mitad de la poblaci\u00f3n&nbsp;"},"content":{"rendered":"\n<p>Evlin Arag\u00f3n\/Zona Roja.<\/p>\n\n\n\n<p>Oaxaca de Ju\u00e1rez, Oax., 7 de marzo de 2021.- En M\u00e9xico, de acuerdo con el Censo de Poblaci\u00f3n y Vivienda 2020, hay 64 millones 540 mil 634 mujeres, mismas que componen el 51.2 por ciento de la poblaci\u00f3n total.<\/p>\n\n\n\n<p>Pese a ello, siguen estando en desventaja en los \u00e1mbitos pol\u00edtico, econ\u00f3mico y social, a los que les es dif\u00edcil acceder en igualdad de condiciones que los varones.&nbsp;<\/p>\n\n\n\n<p>As\u00ed queda de manifest\u00f3 con los datos expuesto por el INEGI, en el marco del 8 de marzo, D\u00eda Internacional de la Mujer, los cuales confirman que nueve de cada diez mujeres mayores de edad est\u00e1n en desacuerdo con el prejuicio de que las mujeres tienen menos capacidad que los hombres en cargos directivos.&nbsp;<\/p>\n\n\n\n<p>Y es que del total de la poblaci\u00f3n ocupada de 25 a\u00f1os y m\u00e1s que se desempe\u00f1a como funcionarios y directivos de los sectores p\u00fablico, privado y social, s\u00f3lo 39 por ciento son mujeres; mientras que, en el servicio p\u00fablico municipal, las mujeres ocupan el 30.4 por ciento de los puestos de alta direcci\u00f3n.&nbsp;<\/p>\n\n\n\n<p>El 40.7 por ciento de las judicaturas y magistraturas en los juzgados y tribunales superiores de justicia estatales estaban a cargo de mujeres; mientras que, en las presidencias municipales, s\u00f3lo una de cada cinco estaba a cargo de una mujer, en 2018.<\/p>\n\n\n\n<p>S\u00f3lo en el Senado de la Rep\u00fablica y la C\u00e1mara de Diputados han transitado hacia la paridad en los \u00faltimos a\u00f1os; en 2018, 49.2 48.2 por ciento de las posiciones estaban ocupadas por mujeres, respectivamente. Ello debido a la batalla que han dado las legisladoras de los diferentes partidos pol\u00edticos.<\/p>\n\n\n\n<p>En materia econ\u00f3mica, aunque existen avances, las mujeres emprendedoras \u00fanicamente son propietarias de un tercio de los establecimientos, los cuales son en su mayor\u00eda micronegocios, que s\u00f3lo emplean a un m\u00e1ximo de dos personas y se manejan en la informalidad.&nbsp;<\/p>\n\n\n\n<p>De acuerdo con las cifras del INEGI, las mujeres tienen poco acceso al cr\u00e9dito para sus emprendimientos, prueba de ello es que s\u00f3lo 13 de cada 100 establecimientos obtuvieron un cr\u00e9dito o financiamiento, haciendo m\u00e1s dif\u00edcil mantener sus negocios en momentos de crisis como los que se viven actualmente.&nbsp;<\/p>\n\n\n\n<p>Y aunque la mayor\u00eda de trabajadoras independientes participan mayoritariamente en el sector terciario, en actividades de comercio, restaurantes y servicios diversos, \u00e9ste ha sido de los m\u00e1s afectados por las medidas de distanciamiento social implementadas para contener la pandemia por Covid-19, afectando principalmente la econom\u00eda de las mujeres.&nbsp;<\/p>\n\n\n\n<p>Finalmente, las cifras emitidas por la instancia federal confirman que el 17.9 por ciento de los hogares en M\u00e9xico son encabezados por jefas de familia, y son las mujeres las que realizan el 73.6 por ciento del trabajo dom\u00e9stico y de cuidados no remunerado al interior de los hogares.&nbsp;&nbsp;<\/p>\n\n\n\n<p>Lo anterior se traduce en menor disposici\u00f3n de tiempo libre para realizar actividades acad\u00e9micas, trabajo remunerado o actividades de esparcimiento.&nbsp;<\/p>\n\n\n\n<p>As\u00ed pues, pese a representar m\u00e1s del 50 por ciento de la poblaci\u00f3n en M\u00e9xico, las mujeres a\u00fan enfrentan discriminaci\u00f3n para acceder a puestos de toma de decisi\u00f3n, empleos con retribuciones justas y, una vida igualitaria a la de los varones.<\/p>\n","protected":false},"excerpt":{"rendered":"<p>Evlin Arag\u00f3n\/Zona Roja. Oaxaca de Ju\u00e1rez, Oax., 7 de marzo de 2021.- En M\u00e9xico, de&hellip;<\/p>\n","protected":false},"author":2,"featured_media":24400,"comment_status":"closed","ping_status":"open","sticky":false,"template":"","format":"standard","meta":{"_lmt_disableupdate":"","_lmt_disable":"","_jetpack_memberships_contains_paid_content":false,"footnotes":""},"categories":[109,47],"tags":[1480],"class_list":["post-24399","post","type-post","status-publish","format-standard","has-post-thumbnail","hentry","category-minuto-a-minuto","category-zona-gris","tag-dia-internacional-de-la-mujer"],"jetpack_featured_media_url":"https:\/\/zonaroja.com.mx\/wp-content\/uploads\/2021\/03\/Mujeres-Mexico.jpg","jetpack_sharing_enabled":true,"_links":{"self":[{"href":"https:\/\/zonaroja.com.mx\/index.php?rest_route=\/wp\/v2\/posts\/24399","targetHints":{"allow":["GET"]}}],"collection":[{"href":"https:\/\/zonaroja.com.mx\/index.php?rest_route=\/wp\/v2\/posts"}],"about":[{"href":"https:\/\/zonaroja.com.mx\/index.php?rest_route=\/wp\/v2\/types\/post"}],"author":[{"embeddable":true,"href":"https:\/\/zonaroja.com.mx\/index.php?rest_route=\/wp\/v2\/users\/2"}],"replies":[{"embeddable":true,"href":"https:\/\/zonaroja.com.mx\/index.php?rest_route=%2Fwp%2Fv2%2Fcomments&post=24399"}],"version-history":[{"count":1,"href":"https:\/\/zonaroja.com.mx\/index.php?rest_route=\/wp\/v2\/posts\/24399\/revisions"}],"predecessor-version":[{"id":24401,"href":"https:\/\/zonaroja.com.mx\/index.php?rest_route=\/wp\/v2\/posts\/24399\/revisions\/24401"}],"wp:featuredmedia":[{"embeddable":true,"href":"https:\/\/zonaroja.com.mx\/index.php?rest_route=\/wp\/v2\/media\/24400"}],"wp:attachment":[{"href":"https:\/\/zonaroja.com.mx\/index.php?rest_route=%2Fwp%2Fv2%2Fmedia&parent=24399"}],"wp:term":[{"taxonomy":"category","embeddable":true,"href":"https:\/\/zonaroja.com.mx\/index.php?rest_route=%2Fwp%2Fv2%2Fcategories&post=24399"},{"taxonomy":"post_tag","embeddable":true,"href":"https:\/\/zonaroja.com.mx\/index.php?rest_route=%2Fwp%2Fv2%2Ftags&post=24399"}],"curies":[{"name":"wp","href":"https:\/\/api.w.org\/{rel}","templated":true}]}}