{"id":24402,"date":"2021-03-07T08:00:09","date_gmt":"2021-03-07T14:00:09","guid":{"rendered":"http:\/\/www.zonaroja.com.mx\/?p=24402"},"modified":"2021-03-07T08:08:45","modified_gmt":"2021-03-07T14:08:45","slug":"inseguridad-al-extremo-en-la-ciudad-de-oaxaca-dos-asesinados-a-balazos","status":"publish","type":"post","link":"https:\/\/zonaroja.com.mx\/?p=24402","title":{"rendered":"Inseguridad al extremo en la ciudad de Oaxaca: dos asesinados a balazos"},"content":{"rendered":"\n<p>Ismael Garc\u00eda M.\/Zona Roja.<\/p>\n\n\n\n<p>Oaxaca de Ju\u00e1rez, Oax., 7 de marzo de 2021.- Dos personas fueron asesinadas por disparos de arma de fuego cerca de la media noche de ayer en la ciudad de Oaxaca, mientras que un veh\u00edculo de motor fue incendiado, en zona cercana a los cr\u00edmenes.<\/p>\n\n\n\n<p>El primer hecho se registr\u00f3 alrededor de las 22:00 horas en la calle Salina Cruz de la colonia Estado de Oaxaca, de la agencia de San Mart\u00edn Mexic\u00e1pam, donde un individuo fue atacado a balazos.<\/p>\n\n\n\n<p>La v\u00edctima fue atendida por param\u00e9dicos de la Cruz Roja Mexicana, pero perdi\u00f3 la vida posteriormente en el hospital del IMSS.<\/p>\n\n\n\n<p>Fue identificado como Roberto Avenda\u00f1o, de 56 a\u00f1os de edad, trabajador del ayuntamiento capitalino.<\/p>\n\n\n\n<figure class=\"wp-block-embed-twitter wp-block-embed is-type-rich is-provider-twitter\"><div class=\"wp-block-embed__wrapper\">\n<div class=\"twitter-tweet\"><blockquote class=\"twitter-tweet\" data-lang=\"es\"><p lang=\"es\" dir=\"ltr\"><a href=\"https:\/\/twitter.com\/hashtag\/OaxacaRojo?src=hash&amp;ref_src=twsrc%5Etfw\">#OaxacaRojo<\/a><br>Inseguridad al extremo en la capital de <a href=\"https:\/\/twitter.com\/hashtag\/Oaxaca?src=hash&amp;ref_src=twsrc%5Etfw\">#Oaxaca<\/a>: en dos hechos distintos, mataron a balazos a dos personas; tambi\u00e9n en las cercan\u00edas, fue incendiada una unidad de motor. \u00bfY los polic\u00edas del <a href=\"https:\/\/twitter.com\/MunicipioOaxaca?ref_src=twsrc%5Etfw\">@MunicipioOaxaca<\/a>? El edil <a href=\"https:\/\/twitter.com\/oswaldogarciaj?ref_src=twsrc%5Etfw\">@oswaldogarciaj<\/a> opt\u00f3 por viajar a Puebla. <a href=\"https:\/\/t.co\/VH0XOJoJ6d\">pic.twitter.com\/VH0XOJoJ6d<\/a><\/p>&mdash; Zona Roja Oaxaca (@Zona_Roja_Oax) <a href=\"https:\/\/twitter.com\/Zona_Roja_Oax\/status\/1368563453690966023?ref_src=twsrc%5Etfw\">7 de marzo de 2021<\/a><\/blockquote><\/div>\n<\/div><\/figure>\n\n\n\n<p>Minutos antes de la media noche de ayer s\u00e1bado, otra persona del sexo masculino fue atacada a balazos, en la calle Prolongaci\u00f3n de Valerio Trujano, cerca de la terminal de autobuses de segunda clase y del \u00e1rea de parada de taxis colectivos que viajan hacia comunidades del distrito de Etla.<\/p>\n\n\n\n<p>La v\u00edctima de aproximadamente 40 a\u00f1os de edad recibi\u00f3 varios disparos de arma de fuego y falleci\u00f3 en el lugar; personal de la Cruz Roja tambi\u00e9n arrib\u00f3 al sitio pero corrobor\u00f3 que ya hab\u00eda perdido la vida.<\/p>\n\n\n\n<p>Tambi\u00e9n anoche pero en el Perif\u00e9rico esquina con la calle Mier y Ter\u00e1n, fue incendiado un veh\u00edculo compacto, cuyas causas del siniestro se desconocen hasta esta ma\u00f1ana; no se registraron v\u00edctimas.<\/p>\n\n\n\n<p>Mientras tanto, en el transcurso del s\u00e1bado, el presidente municipal Oswaldo Garc\u00eda Jarqu\u00edn, opt\u00f3 por viajar al estado de Puebla, invitado a un acto oficial efectuado en Chalchicomula de Sesma.<\/p>\n","protected":false},"excerpt":{"rendered":"<p>Ismael Garc\u00eda M.\/Zona Roja. Oaxaca de Ju\u00e1rez, Oax., 7 de marzo de 2021.- Dos personas&hellip;<\/p>\n","protected":false},"author":2,"featured_media":24403,"comment_status":"closed","ping_status":"open","sticky":false,"template":"","format":"standard","meta":{"_lmt_disableupdate":"","_lmt_disable":"","_jetpack_memberships_contains_paid_content":false,"footnotes":""},"categories":[109,51],"tags":[148],"class_list":["post-24402","post","type-post","status-publish","format-standard","has-post-thumbnail","hentry","category-minuto-a-minuto","category-zona-roja","tag-oaxaca-de-juarez"],"jetpack_featured_media_url":"https:\/\/zonaroja.com.mx\/wp-content\/uploads\/2021\/03\/Asesinado-ciudad-de-Oaxaca.jpg","jetpack_sharing_enabled":true,"_links":{"self":[{"href":"https:\/\/zonaroja.com.mx\/index.php?rest_route=\/wp\/v2\/posts\/24402","targetHints":{"allow":["GET"]}}],"collection":[{"href":"https:\/\/zonaroja.com.mx\/index.php?rest_route=\/wp\/v2\/posts"}],"about":[{"href":"https:\/\/zonaroja.com.mx\/index.php?rest_route=\/wp\/v2\/types\/post"}],"author":[{"embeddable":true,"href":"https:\/\/zonaroja.com.mx\/index.php?rest_route=\/wp\/v2\/users\/2"}],"replies":[{"embeddable":true,"href":"https:\/\/zonaroja.com.mx\/index.php?rest_route=%2Fwp%2Fv2%2Fcomments&post=24402"}],"version-history":[{"count":2,"href":"https:\/\/zonaroja.com.mx\/index.php?rest_route=\/wp\/v2\/posts\/24402\/revisions"}],"predecessor-version":[{"id":24406,"href":"https:\/\/zonaroja.com.mx\/index.php?rest_route=\/wp\/v2\/posts\/24402\/revisions\/24406"}],"wp:featuredmedia":[{"embeddable":true,"href":"https:\/\/zonaroja.com.mx\/index.php?rest_route=\/wp\/v2\/media\/24403"}],"wp:attachment":[{"href":"https:\/\/zonaroja.com.mx\/index.php?rest_route=%2Fwp%2Fv2%2Fmedia&parent=24402"}],"wp:term":[{"taxonomy":"category","embeddable":true,"href":"https:\/\/zonaroja.com.mx\/index.php?rest_route=%2Fwp%2Fv2%2Fcategories&post=24402"},{"taxonomy":"post_tag","embeddable":true,"href":"https:\/\/zonaroja.com.mx\/index.php?rest_route=%2Fwp%2Fv2%2Ftags&post=24402"}],"curies":[{"name":"wp","href":"https:\/\/api.w.org\/{rel}","templated":true}]}}