{"id":24410,"date":"2021-03-07T15:07:15","date_gmt":"2021-03-07T21:07:15","guid":{"rendered":"http:\/\/www.zonaroja.com.mx\/?p=24410"},"modified":"2021-03-07T15:07:17","modified_gmt":"2021-03-07T21:07:17","slug":"califica-defensoria-como-grave-y-urgente-caso-contra-secretario-de-salud","status":"publish","type":"post","link":"https:\/\/zonaroja.com.mx\/?p=24410","title":{"rendered":"Califica Defensor\u00eda como \u201cgrave\u201d y \u201curgente\u201d caso contra secretario de Salud"},"content":{"rendered":"\n<p>Redacci\u00f3n\/Zona Roja.<\/p>\n\n\n\n<p>Oaxaca de Ju\u00e1rez, Oax., 7 de marzo 2021.- Tras la queja de la diputada Magaly L\u00f3pez Dom\u00ednguez por el incumplimiento de la ley que proh\u00edbe la distribuci\u00f3n, venta, regalo y suministro de refrescos y alimentos \u201cchatarra\u201d a menores de edad, la Defensor\u00eda de los Derechos Humanos del Pueblo de Oaxaca solicit\u00f3 a la Secretar\u00eda de Salud estatal implementar medidas cautelares para garantizar el derecho a la salud de las ni\u00f1as, ni\u00f1os y adolescentes del estado.<\/p>\n\n\n\n<p>Mediante el oficio 03073, el organismo notific\u00f3 formalmente a la diputada la \u201cadmisi\u00f3n de instancia\u201d, que implica el inicio de las investigaciones contra Juan Carlos M\u00e1rquez Heine, secretario de Salud y director general de los Servicios de Salud de Oaxaca, e inform\u00f3 igualmente de la solicitud de medidas cautelares que atiendan el principio del inter\u00e9s superior de la ni\u00f1ez.<\/p>\n\n\n\n<p>\u201cLa relevancia de este documento es que, por ley, quiere decir que la Defensor\u00eda analiz\u00f3 los planteamientos y calific\u00f3 la existencia de una presunta violaci\u00f3n a derechos humanos, lo que le lleva a investigarla, y valor\u00f3 tambi\u00e9n que en el caso existen gravedad y urgencia, pues son los criterios establecidos en el reglamento para la emisi\u00f3n de las medidas cautelares\u201d, explic\u00f3 la legisladora.<\/p>\n\n\n\n<p>Agreg\u00f3 que de acuerdo con el art\u00edculo 66 de la Ley de la Defensor\u00eda, las medidas cautelares son acciones que el organismo aut\u00f3nomo solicita a una autoridad, en este caso al secretario de Salud, \u201ccon el fin de evitar la continuidad o consumaci\u00f3n irreparable de las violaciones a derechos humanos denunciadas, o la producci\u00f3n de da\u00f1o de dif\u00edcil reparaci\u00f3n a los afectados\u201d.<\/p>\n\n\n\n<p>En tanto, expuso, el art\u00edculo 109 del reglamento interno de la Defensor\u00eda precisa que las medidas cautelares se podr\u00e1n solicitar \u201cen situaciones de gravedad y urgencia\u201d, para prevenir \u201cda\u00f1os irreparables a las personas o al objeto del proceso en conexi\u00f3n con una petici\u00f3n o caso pendiente\u201d.<\/p>\n\n\n\n<p>\u201cCelebramos que la Defensor\u00eda coincida con nosotros en que este asunto es grave y urgente\u201d, extern\u00f3; \u201cconfiamos en que realice las investigaciones con la debida diligencia y no retrase innecesariamente la emisi\u00f3n de una recomendaci\u00f3n\u201d.<\/p>\n\n\n\n<p>El 5 de septiembre de 2020 entr\u00f3 en vigor la adici\u00f3n del art\u00edculo 20 bis a la Ley de Derechos de Ni\u00f1as, Ni\u00f1os y Adolescentes del Estado de Oaxaca, propuesta por la diputada Magaly L\u00f3pez Dom\u00ednguez, que proh\u00edbe en todo el estado la distribuci\u00f3n, venta, regalo y suministro a menores de edad de bebidas azucaradas y alimentos envasados de alto contenido cal\u00f3rico.<\/p>\n\n\n\n<p>Este 2 de marzo, la legisladora interpuso una queja ante la Defensor\u00eda de los Derechos Humanos del Pueblo de Oaxaca, considerando que la no aplicaci\u00f3n de la norma, que por ley le corresponde a la Secretar\u00eda de Salud del estado, implica violaciones al derecho a la salud de ni\u00f1as y ni\u00f1os, transgrede las garant\u00edas jur\u00eddicas de toda la poblaci\u00f3n y atenta contra el principio del inter\u00e9s superior de la ni\u00f1ez.<\/p>\n\n\n\n<p>Tras la respuesta de la Defensor\u00eda, L\u00f3pez Dom\u00ednguez dijo esperar que el secretario de Salud atienda la petici\u00f3n de la Defensor\u00eda y realice acciones dirigidas a restituir el derecho de las ni\u00f1as y los ni\u00f1os de Oaxaca a la salud, afectado por d\u00e9cadas de mala alimentaci\u00f3n y por la pasividad de los gobiernos ante los excesos de las grandes industrias transnacionales de alimentos \u201cchatarra\u201d.<\/p>\n","protected":false},"excerpt":{"rendered":"<p>Redacci\u00f3n\/Zona Roja. Oaxaca de Ju\u00e1rez, Oax., 7 de marzo 2021.- Tras la queja de la&hellip;<\/p>\n","protected":false},"author":2,"featured_media":17057,"comment_status":"closed","ping_status":"open","sticky":false,"template":"","format":"standard","meta":{"_lmt_disableupdate":"","_lmt_disable":"","_jetpack_memberships_contains_paid_content":false,"footnotes":""},"categories":[109,47],"tags":[192],"class_list":["post-24410","post","type-post","status-publish","format-standard","has-post-thumbnail","hentry","category-minuto-a-minuto","category-zona-gris","tag-diputada-magaly-lopez-dominguez"],"jetpack_featured_media_url":"https:\/\/zonaroja.com.mx\/wp-content\/uploads\/2020\/09\/DDHPO-Defensoria.png","jetpack_sharing_enabled":true,"_links":{"self":[{"href":"https:\/\/zonaroja.com.mx\/index.php?rest_route=\/wp\/v2\/posts\/24410","targetHints":{"allow":["GET"]}}],"collection":[{"href":"https:\/\/zonaroja.com.mx\/index.php?rest_route=\/wp\/v2\/posts"}],"about":[{"href":"https:\/\/zonaroja.com.mx\/index.php?rest_route=\/wp\/v2\/types\/post"}],"author":[{"embeddable":true,"href":"https:\/\/zonaroja.com.mx\/index.php?rest_route=\/wp\/v2\/users\/2"}],"replies":[{"embeddable":true,"href":"https:\/\/zonaroja.com.mx\/index.php?rest_route=%2Fwp%2Fv2%2Fcomments&post=24410"}],"version-history":[{"count":1,"href":"https:\/\/zonaroja.com.mx\/index.php?rest_route=\/wp\/v2\/posts\/24410\/revisions"}],"predecessor-version":[{"id":24411,"href":"https:\/\/zonaroja.com.mx\/index.php?rest_route=\/wp\/v2\/posts\/24410\/revisions\/24411"}],"wp:featuredmedia":[{"embeddable":true,"href":"https:\/\/zonaroja.com.mx\/index.php?rest_route=\/wp\/v2\/media\/17057"}],"wp:attachment":[{"href":"https:\/\/zonaroja.com.mx\/index.php?rest_route=%2Fwp%2Fv2%2Fmedia&parent=24410"}],"wp:term":[{"taxonomy":"category","embeddable":true,"href":"https:\/\/zonaroja.com.mx\/index.php?rest_route=%2Fwp%2Fv2%2Fcategories&post=24410"},{"taxonomy":"post_tag","embeddable":true,"href":"https:\/\/zonaroja.com.mx\/index.php?rest_route=%2Fwp%2Fv2%2Ftags&post=24410"}],"curies":[{"name":"wp","href":"https:\/\/api.w.org\/{rel}","templated":true}]}}