{"id":24415,"date":"2021-03-07T20:20:06","date_gmt":"2021-03-08T02:20:06","guid":{"rendered":"http:\/\/www.zonaroja.com.mx\/?p=24415"},"modified":"2021-03-07T20:20:09","modified_gmt":"2021-03-08T02:20:09","slug":"realizan-en-oaxaca-dos-marchas-contra-violencia-hacia-mujeres-vandalismo-en-la-capital","status":"publish","type":"post","link":"https:\/\/zonaroja.com.mx\/?p=24415","title":{"rendered":"Realizan en Oaxaca dos marchas contra violencia hacia mujeres; vandalismo en la capital"},"content":{"rendered":"\n<p>Ismael Garc\u00eda M.\/Zona Roja.<\/p>\n\n\n\n<p>Oaxaca de Ju\u00e1rez, Oax., 7 de marzo de 2021.- A unas horas de la conmemoraci\u00f3n del D\u00eda Internacional de la Mujer, en Oaxaca se efectuaron dos marchas por parte de colectivos feministas; uno de ellos deriv\u00f3 en vandalismo contra inmuebles p\u00fablicos y privados.<\/p>\n\n\n\n<p>Al mediod\u00eda, en Juchit\u00e1n de Zaragoza se realiz\u00f3 una movilizaci\u00f3n que parti\u00f3 de las instalaciones de la Uni\u00f3n Ganadera del Istmo y se dirigi\u00f3 al centro de la localidad istme\u00f1a.<\/p>\n\n\n\n<p>Fue organizada por la asociaci\u00f3n civil Grupo de Mujeres \u201c8 de Marzo\u201d y se realiz\u00f3 de manera pac\u00edfica y sin contratiempos; los diversos colectivos participantes recriminaron los m\u00faltiples casos impunes de agresi\u00f3n de mujeres y feminicidios.<\/p>\n\n\n\n<p>En la capital oaxaque\u00f1a, alrededor de las 16:00 horas inici\u00f3 la movilizaci\u00f3n de feministas a la altura del jard\u00edn Madero, sobre la calzada del mismo nombre, con direcci\u00f3n al centro.<\/p>\n\n\n\n<p>Unas 500 mujeres se movilizaron, con pancartas, lonas y mantas, en contra de los cr\u00edmenes de femeninas y la impunidad; una de ellas portaba una leyenda contra el ex fiscal de Oaxaca, Rub\u00e9n Vasconcelos M\u00e9ndez.<\/p>\n\n\n\n<p>En el trayecto iban pintando bardas con diversos reclamos; sin embargo, al ingresar a la avenida Independencia se intensificaron los actos vand\u00e1licos.<\/p>\n\n\n\n<p>El centro comercial Plaza Madero fue uno de los m\u00e1s afectados, al causar destrozos en la sucursal bancaria de Banorte.<\/p>\n\n\n\n<figure class=\"wp-block-embed-twitter wp-block-embed is-type-rich is-provider-twitter\"><div class=\"wp-block-embed__wrapper\">\n<div class=\"twitter-tweet\"><blockquote class=\"twitter-tweet\" data-lang=\"es\"><p lang=\"es\" dir=\"ltr\"><a href=\"https:\/\/twitter.com\/hashtag\/%C3%9AltimoMinuto?src=hash&amp;ref_src=twsrc%5Etfw\">#\u00daltimoMinuto<\/a> <a href=\"https:\/\/twitter.com\/hashtag\/DiaInternacionalDeLaMujer?src=hash&amp;ref_src=twsrc%5Etfw\">#DiaInternacionalDeLaMujer<\/a> <br>A su paso y principalmente sobre la avenida Independencia del Centro Hist\u00f3rico de la ciudad de <a href=\"https:\/\/twitter.com\/hashtag\/Oaxaca?src=hash&amp;ref_src=twsrc%5Etfw\">#Oaxaca<\/a>, colectivos feministas causaron diversos destrozos a edificios p\u00fablicos y comercios; la marcha culmin\u00f3 en el z\u00f3calo. <a href=\"https:\/\/t.co\/lRkEIKD5op\">pic.twitter.com\/lRkEIKD5op<\/a><\/p>&mdash; Zona Roja Oaxaca (@Zona_Roja_Oax) <a href=\"https:\/\/twitter.com\/Zona_Roja_Oax\/status\/1368714947996360706?ref_src=twsrc%5Etfw\">8 de marzo de 2021<\/a><\/blockquote><\/div>\n<\/div><\/figure>\n\n\n\n<p>Tambi\u00e9n, en la iglesia de San Cosme y San Dami\u00e1n, en la esquina con J. P. Garc\u00eda, inmueble catalogado como hist\u00f3rico, del que sacaron bancas y papeler\u00eda que intentaron quemar; rompieron vidrios y puertas tras lo cual continuaron su marcha.<\/p>\n\n\n\n<p>La sede principal de los Servicios de Salud de Oaxaca fue tambi\u00e9n v\u00edctima del vandalismo y sustrajeron papeler\u00eda que despu\u00e9s quemaron sobre el arroyo vehicular.<\/p>\n\n\n\n<p>Otras afectaciones ocurrieron a la sucursal del banco Santander, en Independencia y Garc\u00eda Vigil, as\u00ed como la fachada de la Catedral metropolitana y negocios del portal de Claver\u00edas.<\/p>\n\n\n\n<p>La marcha culmin\u00f3 dos horas despu\u00e9s en el z\u00f3calo con un mitin, en que quemaron una figura de Vasconcelos M\u00e9ndez.<\/p>\n\n\n\n<p>\u201cSalimos una vez m\u00e1s de las calles; nos apropiamos del espacio p\u00fablico en el que a diario somos acosadas y violentadas. Hoy, hacemos nuestras las calles, sin miedo, con rabia, por las que ya no pueden.<\/p>\n\n\n\n<p>\u201cMarchamos codo a codo todas, porque somos un cuerpo violentado por el mismo sistema; adem\u00e1s de la violencia econ\u00f3mica, la violencia feminicida se endureci\u00f3 durante la pandemia, con casi tres feminicidios por d\u00eda.<\/p>\n\n\n\n<p>\u201c\u00a1Exigimos al gobierno actual que encuentre a las m\u00e1s de 800 mujeres desaparecidas! \u00a1Es urgente de la creaci\u00f3n de la Comisi\u00f3n Estatal de B\u00fasqueda! \u00a1Estamos hartas, hartas, del sistema feminicida y transfeminicida!\u201d, gritaron, durante su posicionamiento.<\/p>\n\n\n\n<figure class=\"wp-block-image size-large\"><img decoding=\"async\" width=\"1024\" height=\"576\" src=\"http:\/\/www.zonaroja.com.mx\/wp-content\/uploads\/2021\/03\/Protesta-feministas-Oaxaca-1-1024x576.jpg\" alt=\"\" class=\"wp-image-24417\" srcset=\"https:\/\/zonaroja.com.mx\/wp-content\/uploads\/2021\/03\/Protesta-feministas-Oaxaca-1-1024x576.jpg 1024w, https:\/\/zonaroja.com.mx\/wp-content\/uploads\/2021\/03\/Protesta-feministas-Oaxaca-1-300x169.jpg 300w, https:\/\/zonaroja.com.mx\/wp-content\/uploads\/2021\/03\/Protesta-feministas-Oaxaca-1-768x432.jpg 768w, https:\/\/zonaroja.com.mx\/wp-content\/uploads\/2021\/03\/Protesta-feministas-Oaxaca-1-1170x658.jpg 1170w, https:\/\/zonaroja.com.mx\/wp-content\/uploads\/2021\/03\/Protesta-feministas-Oaxaca-1-585x329.jpg 585w, https:\/\/zonaroja.com.mx\/wp-content\/uploads\/2021\/03\/Protesta-feministas-Oaxaca-1.jpg 1280w\" sizes=\"(max-width: 1024px) 100vw, 1024px\" \/><\/figure>\n","protected":false},"excerpt":{"rendered":"<p>Ismael Garc\u00eda M.\/Zona Roja. Oaxaca de Ju\u00e1rez, Oax., 7 de marzo de 2021.- A unas&hellip;<\/p>\n","protected":false},"author":2,"featured_media":24416,"comment_status":"closed","ping_status":"open","sticky":false,"template":"","format":"standard","meta":{"_lmt_disableupdate":"","_lmt_disable":"","_jetpack_memberships_contains_paid_content":false,"footnotes":""},"categories":[109,47],"tags":[1472],"class_list":["post-24415","post","type-post","status-publish","format-standard","has-post-thumbnail","hentry","category-minuto-a-minuto","category-zona-gris","tag-dia-internacional-de-la-mujer-en-oaxaca"],"jetpack_featured_media_url":"https:\/\/zonaroja.com.mx\/wp-content\/uploads\/2021\/03\/Protesta-feministas-Oaxaca-2.jpg","jetpack_sharing_enabled":true,"_links":{"self":[{"href":"https:\/\/zonaroja.com.mx\/index.php?rest_route=\/wp\/v2\/posts\/24415","targetHints":{"allow":["GET"]}}],"collection":[{"href":"https:\/\/zonaroja.com.mx\/index.php?rest_route=\/wp\/v2\/posts"}],"about":[{"href":"https:\/\/zonaroja.com.mx\/index.php?rest_route=\/wp\/v2\/types\/post"}],"author":[{"embeddable":true,"href":"https:\/\/zonaroja.com.mx\/index.php?rest_route=\/wp\/v2\/users\/2"}],"replies":[{"embeddable":true,"href":"https:\/\/zonaroja.com.mx\/index.php?rest_route=%2Fwp%2Fv2%2Fcomments&post=24415"}],"version-history":[{"count":1,"href":"https:\/\/zonaroja.com.mx\/index.php?rest_route=\/wp\/v2\/posts\/24415\/revisions"}],"predecessor-version":[{"id":24418,"href":"https:\/\/zonaroja.com.mx\/index.php?rest_route=\/wp\/v2\/posts\/24415\/revisions\/24418"}],"wp:featuredmedia":[{"embeddable":true,"href":"https:\/\/zonaroja.com.mx\/index.php?rest_route=\/wp\/v2\/media\/24416"}],"wp:attachment":[{"href":"https:\/\/zonaroja.com.mx\/index.php?rest_route=%2Fwp%2Fv2%2Fmedia&parent=24415"}],"wp:term":[{"taxonomy":"category","embeddable":true,"href":"https:\/\/zonaroja.com.mx\/index.php?rest_route=%2Fwp%2Fv2%2Fcategories&post=24415"},{"taxonomy":"post_tag","embeddable":true,"href":"https:\/\/zonaroja.com.mx\/index.php?rest_route=%2Fwp%2Fv2%2Ftags&post=24415"}],"curies":[{"name":"wp","href":"https:\/\/api.w.org\/{rel}","templated":true}]}}