{"id":24422,"date":"2021-03-08T07:19:59","date_gmt":"2021-03-08T13:19:59","guid":{"rendered":"http:\/\/www.zonaroja.com.mx\/?p=24422"},"modified":"2021-03-08T07:20:06","modified_gmt":"2021-03-08T13:20:06","slug":"profeta-en-su-tierra-reconocen-a-la-oaxaquena-angeles-cruz-en-su-pueblo-natal","status":"publish","type":"post","link":"https:\/\/zonaroja.com.mx\/?p=24422","title":{"rendered":"Profeta en su tierra, reconocen a la oaxaque\u00f1a \u00c1ngeles Cruz en su pueblo natal"},"content":{"rendered":"\n<p>Evlin Arag\u00f3n\/Zona Roja.<\/p>\n\n\n\n<p>Oaxaca de Ju\u00e1rez, Oax., 8 de marzo de 2021.- Con m\u00fasica de banda y como toda una celebridad fue recibida la actriz y cineasta oaxaque\u00f1a \u00c1ngeles Cruz Murillo en San Miguel El Grande, municipio perteneciente a la regi\u00f3n de la Mixteca de Oaxaca, que la vio nacer, y donde le organizaron un merecido homenaje.&nbsp;<\/p>\n\n\n\n<p>Con la humildad que la caracteriza, la reconocida artista recibi\u00f3 el bast\u00f3n de mando de la poblaci\u00f3n adem\u00e1s de una serie de presentes por parte de las autoridades de la localidad, cuya poblaci\u00f3n orgullosa se reuni\u00f3, al aire libre y con las medidas de sana distancia, para el acto que organizaron en su honor.&nbsp;<\/p>\n\n\n\n<p>Ante su pueblo, agradeci\u00f3 a las actrices y actores que participaron en \u201cNudo Mixteco\u201d, opera prima de la cineasta, as\u00ed como a los m\u00fasicos de \u201cAmor Mixteco\u201d que participaron en el primer largometraje dirigido por la oaxaque\u00f1a y que adem\u00e1s retrata tres historias de amor y erotismo femenino en una comunidad ind\u00edgena.<\/p>\n\n\n\n<p>\u201cMuchas gracias por este abrazo, me siento muy conmovida. Para m\u00ed es la patada de la suerte, ya que el pr\u00f3ximo martes se estrena la pel\u00edcula en el Miami Film Festival, para despu\u00e9s hacer un recorrido por los festivales del mundo en donde se conocer\u00e1 la cultura mixteca\u201d, refiri\u00f3.\u00a0<\/p>\n\n\n\n<figure class=\"wp-block-embed-twitter wp-block-embed is-type-rich is-provider-twitter\"><div class=\"wp-block-embed__wrapper\">\n<div class=\"twitter-tweet\"><blockquote class=\"twitter-tweet\" data-lang=\"es\"><p lang=\"es\" dir=\"ltr\">(1) La afamada actriz oaxaque\u00f1a y consolidada directora de cine, \u00c1ngeles Cruz, visit\u00f3 la semana pasada su natal San Miguel el Grande, Tlaxiaco, <a href=\"https:\/\/twitter.com\/hashtag\/Oaxaca?src=hash&amp;ref_src=twsrc%5Etfw\">#Oaxaca<\/a>, donde recibi\u00f3 un reconocimiento por parte de la autoridad municipal.<br>Video: M\u00e1xima Tlaxiaco. <a href=\"https:\/\/t.co\/EvrGb1IGoD\">pic.twitter.com\/EvrGb1IGoD<\/a><\/p>&mdash; Zona Roja Oaxaca (@Zona_Roja_Oax) <a href=\"https:\/\/twitter.com\/Zona_Roja_Oax\/status\/1368768481244688387?ref_src=twsrc%5Etfw\">8 de marzo de 2021<\/a><\/blockquote><\/div>\n<\/div><\/figure>\n\n\n\n<p>Consciente de las condiciones adversas a las que se enfrenta la comunidad ind\u00edgena, debido a la pobreza, discriminaci\u00f3n y exclusi\u00f3n, \u00c1ngeles Cruz manifest\u00f3 que a lo largo de su vida ha descubierto que nada puede secar y marchitar la fuerza de las mujeres y hombres que vienen de una tierra fruct\u00edfera y con un esp\u00edritu tan grande como el universo.&nbsp;<\/p>\n\n\n\n<p>\u201cMi coraz\u00f3n se alimenta de los corazones de todos ustedes. S\u00e9 que tenemos poco tiempo para so\u00f1ar porque estamos preocupados por llevar el alimento a nuestras casas, pero no hay que olvidar que tenemos derecho al gozo y a so\u00f1ar. Esta es una invitaci\u00f3n para eso para que so\u00f1emos todos\u201d, dijo.&nbsp;<\/p>\n\n\n\n<p>ESTRELLA MULTIFAC\u00c9TIA<\/p>\n\n\n\n<p>Finalmente, la reconocida artista se comprometi\u00f3 a trabajar en pro de la cultura, pero tambi\u00e9n a favor de las comunidades ind\u00edgenas de la regi\u00f3n y los sue\u00f1os de su gente, con la intenci\u00f3n que cada vez m\u00e1s mujeres y hombres accedan al conocimiento que les permita hacer realidad sus m\u00e1s profundos anhelos.&nbsp;<\/p>\n\n\n\n<p>\u00c1ngeles Cruz fue recibida por las autoridades municipales, encabezadas por el edil Sergio L\u00f3pez S\u00e1nchez, quien le otorg\u00f3 el bast\u00f3n del mando a la oaxaque\u00f1a y celebr\u00f3 que su primer largometraje, que adem\u00e1s retrata a su pueblo, vaya a ser lanzado a nivel mundial.&nbsp;&nbsp;<\/p>\n\n\n\n<p>\u201cEn nombre del pueblo de San Miguel El Grande, hoy le reconocemos a nuestra paisana \u00c1ngeles Cruz Murillo la direcci\u00f3n, el trabajo en este largometraje opera prima Nudo Mixteco, le deseamos el mayor de los \u00e9xitos en el Festival Internacional de Miami Florida\u201d.<\/p>\n\n\n\n<figure class=\"wp-block-embed-twitter wp-block-embed is-type-rich is-provider-twitter\"><div class=\"wp-block-embed__wrapper\">\n<div class=\"twitter-tweet\"><blockquote class=\"twitter-tweet\" data-lang=\"es\"><p lang=\"es\" dir=\"ltr\">(2) En su mensaje, la actriz oaxaque\u00f1a \u00c1ngeles Cruz habl\u00f3 de su m\u00e1s reciente producci\u00f3n cinematogr\u00e1fica, \u201cNudo Mixteco\u201d, en que participaron diversas personas de la regi\u00f3n; anunci\u00f3 que este 9 de marzo es el estreno mundial de la pel\u00edcula.<br>Video: M\u00e1xima Tlaxiaco <a href=\"https:\/\/t.co\/A8zFgR6CNo\">pic.twitter.com\/A8zFgR6CNo<\/a><\/p>&mdash; Zona Roja Oaxaca (@Zona_Roja_Oax) <a href=\"https:\/\/twitter.com\/Zona_Roja_Oax\/status\/1368769899108073472?ref_src=twsrc%5Etfw\">8 de marzo de 2021<\/a><\/blockquote><\/div>\n<\/div><\/figure>\n\n\n\n<p>El edil indic\u00f3 que esperan que todo el mundo conozca la cultura y tradiciones mixtecas a trav\u00e9s de los ojos de una mujer que reconoce y valora sus ra\u00edces y las quiere plasmar en el s\u00e9ptimo arte.<\/p>\n\n\n\n<p>El pr\u00f3ximo martes, nueve de marzo, se estrena el largometraje Nudo mixteco (2019) en la 38 edici\u00f3n del Festival de Cine de Miami (Miami Film Festival), en donde concursar\u00e1 por el premio Warner Media de Largometraje Iberoamericano-&nbsp;<\/p>\n\n\n\n<p>A la cineasta oaxaque\u00f1a le anteceden tres cortometrajes galardonados a nivel nacional e internacional: La tiricia o c\u00f3mo curar la tristeza (2012), La carta (2016) y Arc\u00e1ngel (2018); as\u00ed como una amplia trayectoria como actriz de televisi\u00f3n, teatro y cine.&nbsp;<\/p>\n","protected":false},"excerpt":{"rendered":"<p>Evlin Arag\u00f3n\/Zona Roja. Oaxaca de Ju\u00e1rez, Oax., 8 de marzo de 2021.- Con m\u00fasica de&hellip;<\/p>\n","protected":false},"author":2,"featured_media":24423,"comment_status":"closed","ping_status":"open","sticky":false,"template":"","format":"standard","meta":{"_lmt_disableupdate":"","_lmt_disable":"","_jetpack_memberships_contains_paid_content":false,"footnotes":""},"categories":[109,46],"tags":[2510],"class_list":["post-24422","post","type-post","status-publish","format-standard","has-post-thumbnail","hentry","category-minuto-a-minuto","category-zona-blanca","tag-angeles-cruz-murillo"],"jetpack_featured_media_url":"https:\/\/zonaroja.com.mx\/wp-content\/uploads\/2021\/03\/Angeles-Cruz.png","jetpack_sharing_enabled":true,"_links":{"self":[{"href":"https:\/\/zonaroja.com.mx\/index.php?rest_route=\/wp\/v2\/posts\/24422","targetHints":{"allow":["GET"]}}],"collection":[{"href":"https:\/\/zonaroja.com.mx\/index.php?rest_route=\/wp\/v2\/posts"}],"about":[{"href":"https:\/\/zonaroja.com.mx\/index.php?rest_route=\/wp\/v2\/types\/post"}],"author":[{"embeddable":true,"href":"https:\/\/zonaroja.com.mx\/index.php?rest_route=\/wp\/v2\/users\/2"}],"replies":[{"embeddable":true,"href":"https:\/\/zonaroja.com.mx\/index.php?rest_route=%2Fwp%2Fv2%2Fcomments&post=24422"}],"version-history":[{"count":1,"href":"https:\/\/zonaroja.com.mx\/index.php?rest_route=\/wp\/v2\/posts\/24422\/revisions"}],"predecessor-version":[{"id":24424,"href":"https:\/\/zonaroja.com.mx\/index.php?rest_route=\/wp\/v2\/posts\/24422\/revisions\/24424"}],"wp:featuredmedia":[{"embeddable":true,"href":"https:\/\/zonaroja.com.mx\/index.php?rest_route=\/wp\/v2\/media\/24423"}],"wp:attachment":[{"href":"https:\/\/zonaroja.com.mx\/index.php?rest_route=%2Fwp%2Fv2%2Fmedia&parent=24422"}],"wp:term":[{"taxonomy":"category","embeddable":true,"href":"https:\/\/zonaroja.com.mx\/index.php?rest_route=%2Fwp%2Fv2%2Fcategories&post=24422"},{"taxonomy":"post_tag","embeddable":true,"href":"https:\/\/zonaroja.com.mx\/index.php?rest_route=%2Fwp%2Fv2%2Ftags&post=24422"}],"curies":[{"name":"wp","href":"https:\/\/api.w.org\/{rel}","templated":true}]}}