{"id":24425,"date":"2021-03-08T08:05:25","date_gmt":"2021-03-08T14:05:25","guid":{"rendered":"http:\/\/www.zonaroja.com.mx\/?p=24425"},"modified":"2021-03-08T08:05:29","modified_gmt":"2021-03-08T14:05:29","slug":"vasconcelos-mendez-cadena-de-errores-y-la-culpa-no-era-suya","status":"publish","type":"post","link":"https:\/\/zonaroja.com.mx\/?p=24425","title":{"rendered":"Vasconcelos M\u00e9ndez: cadena de errores\u2026 y la culpa no era suya"},"content":{"rendered":"\n<p>Ismael Garc\u00eda M.\/Zona Roja.<\/p>\n\n\n\n<p>Oaxaca de Ju\u00e1rez, Oax., 8 de marzo de 2021.- Y la culpa no era suya, ni d\u00f3nde andaba ni c\u00f3mo vest\u00eda.<\/p>\n\n\n\n<p>Parodiando a la canci\u00f3n \u00edcono del feminismo, Rub\u00e9n Vasconcelos M\u00e9ndez se fue de la Fiscal\u00eda General del Estado de Oaxaca el pasado viernes por la puerta de atr\u00e1s, sin reconocer sus m\u00faltiples errores en casi cuatro a\u00f1os en el cargo, de siete que era su periodo.<\/p>\n\n\n\n<p>Y con reclamos duros, crecientes, rabiosos, de miles de hombres y mujeres, que en particular este domingo 7 y lunes 8 de marzo se intensificaron. \u201cQu\u00e9 bueno que te fuiste\u201d, las recriminaciones de Soledad Jarqu\u00edn \u00c9dgar y Mar\u00eda Elena R\u00edos, dos de las principales v\u00edctimas de la violencia feminicida y cuyos casos siguen en el limbo de la impunidad.<\/p>\n\n\n\n<p>Pero no. La culpa de la ineficiencia y de las omisiones y de la impunidad y de su salida, es de otros.<\/p>\n\n\n\n<p>\u201cRumores sobre los motivos reales de su salida abundan; uno de ellos, comienza a cobrar fuerza y no suena tan descabellado: se habla que esta se debi\u00f3 a presiones externas de cierto personaje oscuro de la pol\u00edtica oaxaque\u00f1a, la cual maneja desde hace d\u00e9cadas y que tiene por apellido Murat &#8211;y no es precisamente el junior&#8211;, cuesti\u00f3n que lo orill\u00f3 a hacerse a un lado para evitar que alguien m\u00e1s entorpeciera su labor\u201d, escribi\u00f3 el mismo d\u00eda Jos\u00e9 Alonso Cort\u00e9s Cruz en Facebook, presunto empleado de la Fiscal\u00eda General.<\/p>\n\n\n\n<p>Esa opini\u00f3n ser\u00eda intrascendente, de no ser porque a partir de ah\u00ed, en algunos medios \u201camigos\u201d y en redes sociales se difundi\u00f3 una versi\u00f3n similar: el culpable de su salida era Jos\u00e9 Murat. No su ineficiencia.<\/p>\n\n\n\n<p>ENTRADA DE CABALLO<\/p>\n\n\n\n<p>Vasconcelos M\u00e9ndez lleg\u00f3 con las cartas de doctor en Derecho, tras un cargo de mediano nivel en el gobierno federal y luego de puestos menores en el gobierno de Oaxaca.<\/p>\n\n\n\n<p>Lleg\u00f3 por recomendaci\u00f3n de su cu\u00f1ado, Germ\u00e1n Espinosa Santib\u00e1\u00f1ez, quien abog\u00f3 por \u00e9l ante Jos\u00e9 Murat. As\u00ed, el 12 de mayo logr\u00f3 39 de 42 votos de la 63 Legislatura de Oaxaca. Pero apenas inici\u00f3 el cargo y comenzaron las confrontaciones.<\/p>\n\n\n\n<p>Carpetas de investigaciones imprecisas que daban paso a la liberaci\u00f3n de presuntos responsables en delitos como homicidios y feminicidios; orden de aprehensi\u00f3n con atrasos, no liberadas o no ejecutadas, cateos err\u00f3neos, la larga lista; pero sus argumentos: falta de presupuesto para las distintas \u00e1reas, as\u00ed como falta de personal.<\/p>\n\n\n\n<p>El caso de la muerte del ni\u00f1o Edward, en noviembre de 2017, por presunta negligencia m\u00e9dica le dio la bienvenida al fiscal Rub\u00e9n Vasconcelos, que en mayo de ese a\u00f1o comenz\u00f3 su gesti\u00f3n que concluir\u00eda en 2024.<\/p>\n\n\n\n<p>Por ese hecho, el fiscal declar\u00f3 el 6 de abril de 2018 que exist\u00edan elementos de prueba suficientes para sostener que el traumat\u00f3logo tratante incurri\u00f3 en homicidio intencional, con agravante de responsabilidad m\u00e9dica, pero el 12 de abril, el m\u00e9dico qued\u00f3 en libertad y se reclasific\u00f3 el delito para llevar el proceso en libertad. Las movilizaciones en su contra se multiplicaron y comenzaban a cobrar fuerza a nivel nacional.<\/p>\n\n\n\n<p>Ese fue de los primeros errores del fiscal, que se acentuaron al paso de los a\u00f1os, principalmente con los delitos de feminicidios y agresiones de mujeres, como fueron los casos de la fotoperiodista Soledad Cruz Jarqu\u00edn y el ataque con \u00e1cido a la saxofonista Mar\u00eda Elena R\u00edos.<\/p>\n\n\n\n<p>Rub\u00e9n Vasconcelos tambi\u00e9n dej\u00f3 sin justicia las familias de 15 personas masacradas en San Mateo del Mar en junio de 2020, as\u00ed como decenas m\u00e1s que viven de la violencia en la zona triqui de Oaxaca, donde los asesinatos de los habitantes ind\u00edgenas no son castigados.<\/p>\n\n\n\n<p>LOS LLAMADOS<\/p>\n\n\n\n<p>Organismos civiles, nacionales e internacionales, as\u00ed como distintas instancias realizaron llamados y posicionamientos por injusticias en distintos hechos por parte de la Fiscal\u00eda General de Oaxaca al frente de Vasconcelos M\u00e9ndez.<\/p>\n\n\n\n<p>En septiembre de 2018, el Observatorio Ciudadano de los Centros de Justicia para las Mujeres(OCCEJUM) conden\u00f3 el decreto emitido por el fiscal con el que los Centros de Justicia para las Mujeres de Oaxaca dejaron de ser dependientes de la Fiscal\u00eda General y pasar a ser de la estructura de la Fiscal\u00eda Especializada para la Atenci\u00f3n a Delitos contra la Mujer por Raz\u00f3n de G\u00e9nero, lo que los coloc\u00f3 en menor rango jer\u00e1rquico.<\/p>\n\n\n\n<p>La Comisi\u00f3n Nacional de los Derechos Humanos (CNDH) tambi\u00e9n emiti\u00f3 varios llamados a la Fiscal\u00eda en la gesti\u00f3n de Vasconcelos M\u00e9ndez.<\/p>\n\n\n\n<p>En 2018 conden\u00f3 la violencia de los elementos de la Agencia Estatal de Investigaciones (AEI) contra el periodista Deimos S\u00e1nchez y su familia, por lo que demand\u00f3 a la Fiscal\u00eda General de esa a la inmediata investigaci\u00f3n de los hechos.<\/p>\n\n\n\n<p>Durante el 2020, la CNDH atrajo el caso de la saxofonista Mar\u00eda Elena R\u00edos y emiti\u00f3 medidas cautelares dirigidas, entre otras instancias, a la Fiscal\u00eda General del Estado de Oaxaca, para salvaguardar la vida, integridad y seguridad de la v\u00edctima y sus familiares<\/p>\n\n\n\n<p>En octubre pasado, la Comisi\u00f3n Nacional exhort\u00f3 a las autoridades encargadas de procurar y administrar justicia de Oaxaca a realizar las investigaciones correspondientes para esclarecer el homicidio de Epifanio de Jes\u00fas Mart\u00ednez, originario de una comunidad Triqui, ocurrido el 13 de octubre de 2020.<\/p>\n\n\n\n<p>Instancias como el mismo Tribunal Superior de Justicia del Estado de Oaxaca tambi\u00e9n se dirigi\u00f3 a la Fiscal\u00eda por su falta de trabajo. En julio de 2019 se\u00f1al\u00f3 que la Fiscal\u00eda de Oaxaca incumpli\u00f3 la recomendaci\u00f3n 13\/16 de la DDHPO para agotar todas las l\u00edneas de investigaci\u00f3n para localizar con vida al estudiante de la UNAM Jes\u00fas Israel Moreno P\u00e9rez, desaparecido el 8 de julio de 2011 en Chacahua. Por lo que orden\u00f3 cumplir con la encomienda de la Defensor\u00eda e informar cada dos meses sobre los avances en la investigaci\u00f3n.<\/p>\n\n\n\n<p>Mientras que el Congreso de Oaxaca, a partir de la 64 Legislatura, tambi\u00e9n realiz\u00f3 diversos llamados e incluso demandaron al gobernador Alejandro Murat, la destituci\u00f3n de Rub\u00e9n Vasconcelos por para la impartici\u00f3n de justicia, principalmente por feminicidios, desapariciones de mujeres e incluso, lograron que compareciera, aunque su participaci\u00f3n no fue clara.<\/p>\n\n\n\n<p>Pero tambi\u00e9n, desde el Congreso estatal se exhibi\u00f3 que el fiscal Vasconcelos M\u00e9ndez no destinaba recursos materiales, financieros y de personal para la Fiscal\u00eda Especializada en Materia de Combate a la Corrupci\u00f3n, tanto que el propio responsable de la Fiscal\u00eda Anticorrupci\u00f3n, Emilio Iruegas \u00c1lvarez, acudi\u00f3 a la sede del Poder Legislativo local, para pedir la intervenci\u00f3n de los diputados para conseguir presupuesto.<\/p>\n\n\n\n<p>DENUNCIAS P\u00daBLICAS<\/p>\n\n\n\n<p>Las denuncias por las desapariciones de personas, de hombres y mujeres, cobr\u00f3 fuerza. Familiares de personas desaparecidas se\u00f1alaron omisiones y negligencia de la Fiscal\u00eda General del Estado al considerar que la dependencia no destina ni personal en las b\u00fasquedas.<\/p>\n\n\n\n<p>Organizaciones sociales en Oaxaca dedicadas a la defensa de los derechos humanos demandaron a la Fiscal\u00eda General de la Rep\u00fablica (FGR) investigar al fiscal Rub\u00e9n Vasconcelos M\u00e9ndez, por su presunta omisi\u00f3n en las indagatorias sobre cr\u00edmenes contra activistas oaxaque\u00f1os, y como probable responsable del atentado contra uno de ellos.<\/p>\n\n\n\n<p>Como ocurri\u00f3 con al menos 10 asesinatos y feminicidios contra integrantes del Comit\u00e9 de Defensa Ciudadana (Codeci), Comit\u00e9 de Defensa Ciudadana y Asistencia Rural, Consejo de Comunidades Ind\u00edgenas de la Sierra Sur; adem\u00e1s del FPR que ha mantenido una exigencia constante por el asesinato de su l\u00edder Tom\u00e1s Mart\u00ednez.<\/p>\n\n\n\n<p>USO DE REDES<\/p>\n\n\n\n<p>Ante la falta de atenci\u00f3n de la Fiscal\u00eda de Oaxaca, en distintas \u00e1reas para la procuraci\u00f3n de justicia, la ciudadan\u00eda ha recurrido a las redes sociales como v\u00eda de denuncia de los delitos de los que son v\u00edctimas.<\/p>\n\n\n\n<p>Entre los \u00faltimos hechos denunciados, por agresi\u00f3n de los mismos elementos a cargo de la Fiscal\u00eda de Oaxaca, fue un cateo errado, la semana pasada. Los agentes estatales de investigaci\u00f3n realizaron el operativo en un domicilio equivocado, como hab\u00eda ocurrido en decenas de ocasiones.<\/p>\n\n\n\n<p>Rub\u00e9n Vasconcelos M\u00e9ndez pudo haber tenido una gesti\u00f3n de mediana calidad, pero hasta su propio personal lo calific\u00f3 de soberbio e incongruente. Pudo haber conseguido una candidatura a un cargo de representaci\u00f3n popular, pero su enojo lo llev\u00f3 a confrontar a quien manda en el estado y en muchas partes m\u00e1s. Rub\u00e9n Vasconcelos se fue por la puerta de atr\u00e1s y los epitafios son muchos. Un ejemplo:<\/p>\n\n\n\n<p>\u201cQu\u00e9 bueno que te fuiste, Rub\u00e9n Vasconcelos, porque en todo este tiempo no supiste ni ejerciste ni honraste el cargo de un fiscal; no tuviste la capacidad; qu\u00e9 bueno que te fuiste, porque los resultados s\u00ed, estamos a la vista y somos el producto del trabajo incansable que hiciste al favorecer a nuestros agresores. Fuiste flexible con los corruptos, porque eres parte de ellos. Rub\u00e9n Vasconcelos, \u00a1qu\u00e9 bueno que te fuiste\u201d, los clavos que puso Mar\u00eda Elena Cruz al ata\u00fad.<\/p>\n","protected":false},"excerpt":{"rendered":"<p>Ismael Garc\u00eda M.\/Zona Roja. Oaxaca de Ju\u00e1rez, Oax., 8 de marzo de 2021.- Y la&hellip;<\/p>\n","protected":false},"author":2,"featured_media":7610,"comment_status":"closed","ping_status":"open","sticky":false,"template":"","format":"standard","meta":{"_lmt_disableupdate":"","_lmt_disable":"","_jetpack_memberships_contains_paid_content":false,"footnotes":""},"categories":[456,109,48],"tags":[1353],"class_list":["post-24425","post","type-post","status-publish","format-standard","has-post-thumbnail","hentry","category-columna","category-minuto-a-minuto","category-zona-critica","tag-opinion-zona-critica"],"jetpack_featured_media_url":"https:\/\/zonaroja.com.mx\/wp-content\/uploads\/2020\/01\/Opini\u00f3n-Zona-Cr\u00edtica.jpg","jetpack_sharing_enabled":true,"_links":{"self":[{"href":"https:\/\/zonaroja.com.mx\/index.php?rest_route=\/wp\/v2\/posts\/24425","targetHints":{"allow":["GET"]}}],"collection":[{"href":"https:\/\/zonaroja.com.mx\/index.php?rest_route=\/wp\/v2\/posts"}],"about":[{"href":"https:\/\/zonaroja.com.mx\/index.php?rest_route=\/wp\/v2\/types\/post"}],"author":[{"embeddable":true,"href":"https:\/\/zonaroja.com.mx\/index.php?rest_route=\/wp\/v2\/users\/2"}],"replies":[{"embeddable":true,"href":"https:\/\/zonaroja.com.mx\/index.php?rest_route=%2Fwp%2Fv2%2Fcomments&post=24425"}],"version-history":[{"count":1,"href":"https:\/\/zonaroja.com.mx\/index.php?rest_route=\/wp\/v2\/posts\/24425\/revisions"}],"predecessor-version":[{"id":24426,"href":"https:\/\/zonaroja.com.mx\/index.php?rest_route=\/wp\/v2\/posts\/24425\/revisions\/24426"}],"wp:featuredmedia":[{"embeddable":true,"href":"https:\/\/zonaroja.com.mx\/index.php?rest_route=\/wp\/v2\/media\/7610"}],"wp:attachment":[{"href":"https:\/\/zonaroja.com.mx\/index.php?rest_route=%2Fwp%2Fv2%2Fmedia&parent=24425"}],"wp:term":[{"taxonomy":"category","embeddable":true,"href":"https:\/\/zonaroja.com.mx\/index.php?rest_route=%2Fwp%2Fv2%2Fcategories&post=24425"},{"taxonomy":"post_tag","embeddable":true,"href":"https:\/\/zonaroja.com.mx\/index.php?rest_route=%2Fwp%2Fv2%2Ftags&post=24425"}],"curies":[{"name":"wp","href":"https:\/\/api.w.org\/{rel}","templated":true}]}}