{"id":24431,"date":"2021-03-08T13:19:03","date_gmt":"2021-03-08T19:19:03","guid":{"rendered":"https:\/\/www.zonaroja.com.mx\/?p=24431"},"modified":"2021-03-08T13:19:08","modified_gmt":"2021-03-08T19:19:08","slug":"ambientalistas-denuncian-fracasos-en-semaedeso-con-samuel-gurrion","status":"publish","type":"post","link":"https:\/\/zonaroja.com.mx\/?p=24431","title":{"rendered":"Ambientalistas denuncian fracasos en Semaedeso con Samuel Gurri\u00f3n"},"content":{"rendered":"\n<p class=\"MsoNormal\">Yuridiana Sosa\/Zona Roja. <\/p>\n\n\n\n<p class=\"MsoNormal\">Oaxaca de Ju\u00e1rez, Oax., 8 de marzo de 2021.- Ambientalistas de Oaxaca manifestaron su rechazo a la pol\u00edtica p\u00fablica que el gobierno estatal ha implementado con la designaci\u00f3n de funcionarios inexpertos en el cuidado al medio ambiente y el caso m\u00e1s reciente ocurri\u00f3 con el ahora ex secretario Samuel Gurri\u00f3n Mat\u00edas. <\/p>\n\n\n\n<p class=\"MsoNormal\">Integrantes del Colectivo de Organizaciones Ambientalistas de Oaxaca (COAO) se\u00f1alaron que el gobernador Alejandro Murat ha ejecutado una \u201cerrada pol\u00edtica ambiental, sin estrategia, ni aplicaci\u00f3n de la ley\u201d.<\/p>\n\n\n\n<p class=\"MsoNormal\">Desde el inicio de su administraci\u00f3n, con la designaci\u00f3n del empresario gasolinero, Jos\u00e9 Luis Calvo Ziga y posterior, en junio de 2019, con el pol\u00edtico Samuel Gurri\u00f3n, \u201cvemos que su administraci\u00f3n repite una vez m\u00e1s esta insensibilidad, el sector ambiental debe de dejar de ser un trampol\u00edn pol\u00edtico\u201d, apuntaron en un comunicado.<\/p>\n\n\n\n<p class=\"MsoNormal\">Motivo por el que exigieron al gobernador \u201cno experimente con m\u00e1s funcionarios carentes de capacidad y amor por Oaxaca, el medio ambiente le reclama justicia\u201d, y designe a una persona con el perfil, capacidad y conocimiento en la materia para atender los problemas actuales que atentan contra el bienestar ambiental.&nbsp;<\/p>\n\n\n\n<p class=\"MsoNormal\">Los representantes de los ambientalistas, Gerardo Aldeco Pinelo, Nasario Garc\u00eda Ram\u00edrez, V\u00edctor M\u00e9ndez, Manuel Ch\u00e1vez, Arnold D\u00e1maso y Markoa V\u00e1squez, tambi\u00e9n se\u00f1alaron el grave da\u00f1o al ecosistema en Oaxaca con la p\u00e9rdida del 40 por ciento de bosques, con m\u00e1s de 20 mil tiraderos a cielo abierto, da\u00f1os al 50 por ciento de manglares, sin que el gobierno realice acciones para revertir los da\u00f1os o erradicarlos.<\/p>\n\n\n\n<p class=\"MsoNormal\">\u201cEs desolador el panorama actual de nuestra tierra y se acrecent\u00f3 con el ahora ex titular de la Secretar\u00eda del Medio Ambiente y Desarrollo Sustentable de Oaxaca \u2013Samuel Gurri\u00f3n-\u2026Tiene la oportunidad de resarcir el da\u00f1o generado designando a la Secretar\u00eda a alguien que contribuya a lograr un mejor Oaxaca en la \u00faltima etapa de su administraci\u00f3n\u201d, indicaron.<\/p>\n","protected":false},"excerpt":{"rendered":"<p>Yuridiana Sosa\/Zona Roja. Oaxaca de Ju\u00e1rez, Oax., 8 de marzo de 2021.- Ambientalistas de Oaxaca&hellip;<\/p>\n","protected":false},"author":2,"featured_media":24430,"comment_status":"closed","ping_status":"open","sticky":false,"template":"","format":"standard","meta":{"_lmt_disableupdate":"","_lmt_disable":"","_jetpack_memberships_contains_paid_content":false,"footnotes":""},"categories":[109,47],"tags":[],"class_list":["post-24431","post","type-post","status-publish","format-standard","has-post-thumbnail","hentry","category-minuto-a-minuto","category-zona-gris"],"jetpack_featured_media_url":"https:\/\/zonaroja.com.mx\/wp-content\/uploads\/2021\/03\/img_0375.jpg","jetpack_sharing_enabled":true,"_links":{"self":[{"href":"https:\/\/zonaroja.com.mx\/index.php?rest_route=\/wp\/v2\/posts\/24431","targetHints":{"allow":["GET"]}}],"collection":[{"href":"https:\/\/zonaroja.com.mx\/index.php?rest_route=\/wp\/v2\/posts"}],"about":[{"href":"https:\/\/zonaroja.com.mx\/index.php?rest_route=\/wp\/v2\/types\/post"}],"author":[{"embeddable":true,"href":"https:\/\/zonaroja.com.mx\/index.php?rest_route=\/wp\/v2\/users\/2"}],"replies":[{"embeddable":true,"href":"https:\/\/zonaroja.com.mx\/index.php?rest_route=%2Fwp%2Fv2%2Fcomments&post=24431"}],"version-history":[{"count":1,"href":"https:\/\/zonaroja.com.mx\/index.php?rest_route=\/wp\/v2\/posts\/24431\/revisions"}],"predecessor-version":[{"id":24432,"href":"https:\/\/zonaroja.com.mx\/index.php?rest_route=\/wp\/v2\/posts\/24431\/revisions\/24432"}],"wp:featuredmedia":[{"embeddable":true,"href":"https:\/\/zonaroja.com.mx\/index.php?rest_route=\/wp\/v2\/media\/24430"}],"wp:attachment":[{"href":"https:\/\/zonaroja.com.mx\/index.php?rest_route=%2Fwp%2Fv2%2Fmedia&parent=24431"}],"wp:term":[{"taxonomy":"category","embeddable":true,"href":"https:\/\/zonaroja.com.mx\/index.php?rest_route=%2Fwp%2Fv2%2Fcategories&post=24431"},{"taxonomy":"post_tag","embeddable":true,"href":"https:\/\/zonaroja.com.mx\/index.php?rest_route=%2Fwp%2Fv2%2Ftags&post=24431"}],"curies":[{"name":"wp","href":"https:\/\/api.w.org\/{rel}","templated":true}]}}