{"id":24433,"date":"2021-03-08T15:02:05","date_gmt":"2021-03-08T21:02:05","guid":{"rendered":"http:\/\/www.zonaroja.com.mx\/?p=24433"},"modified":"2021-03-08T15:02:10","modified_gmt":"2021-03-08T21:02:10","slug":"registra-oaxaca-cinco-marchas-por-violencia-a-mujeres-todas-pacificas","status":"publish","type":"post","link":"https:\/\/zonaroja.com.mx\/?p=24433","title":{"rendered":"Registra Oaxaca cinco marchas por violencia a mujeres, todas pac\u00edficas"},"content":{"rendered":"\n<p>Evlin Arag\u00f3n\/Zona Roja.<\/p>\n\n\n\n<p>Oaxaca de Ju\u00e1rez, Oax., 8 de marzo de 2021.- En el marco del D\u00eda Internacional de la Mujer, diversos colectivos se manifestaron en la capital de Oaxaca para exigir la garant\u00eda de los derechos humanos de m\u00e1s de la mitad de la poblaci\u00f3n en el pa\u00eds, as\u00ed como un alto a la discriminaci\u00f3n, la violencia de g\u00e9nero y feminicida.<\/p>\n\n\n\n<figure class=\"wp-block-embed-twitter wp-block-embed is-type-rich is-provider-twitter\"><div class=\"wp-block-embed__wrapper\">\n<div class=\"twitter-tweet\"><blockquote class=\"twitter-tweet\" data-lang=\"es\"><p lang=\"es\" dir=\"ltr\"><a href=\"https:\/\/twitter.com\/hashtag\/ENVIVO?src=hash&amp;ref_src=twsrc%5Etfw\">#ENVIVO<\/a><a href=\"https:\/\/twitter.com\/hashtag\/D%C3%ADaInternacionalDeLaMujer?src=hash&amp;ref_src=twsrc%5Etfw\">#D\u00edaInternacionalDeLaMujer<\/a><br>Oaxaca de Ju\u00e1rez, Oax., 8 de marzo de 2021.- Protesta del Frente Amplio  de C\u00edrculas de Estudio Cap\u00edtulo Oaxaca, frente a la sede de la Fiscal\u00eda Especializada de Atenci\u00f3n a Delitos contra la Mujer.<br>Aqu\u00ed la transmisi\u00f3n:<br>\ud83d\udc47<a href=\"https:\/\/t.co\/ATB5Xv5fhP\">https:\/\/t.co\/ATB5Xv5fhP<\/a> <a href=\"https:\/\/t.co\/32zoyh1AUn\">pic.twitter.com\/32zoyh1AUn<\/a><\/p>&mdash; Zona Roja Oaxaca (@Zona_Roja_Oax) <a href=\"https:\/\/twitter.com\/Zona_Roja_Oax\/status\/1368954931235852291?ref_src=twsrc%5Etfw\">8 de marzo de 2021<\/a><\/blockquote><\/div>\n<\/div><\/figure>\n\n\n\n<p>ANTE FISCAL\u00cdA ESPECIALIZADA<\/p>\n\n\n\n<p>Desde temprana hora integrantes del Frente Amplio de C\u00edrculos de Estudio del Instituto Nacional de Formaci\u00f3n Pol\u00edtica de Morena, se manifestaron a las afueras de la Fiscal\u00eda Especializada para la Atenci\u00f3n a Delitos Contra la Mujer por Raz\u00f3n de G\u00e9nero.<\/p>\n\n\n\n<p>Ah\u00ed denunciaron los alto \u00edndices de violencia que hay en el pa\u00eds, especialmente en Oaxaca donde adem\u00e1s se registra un alto n\u00famero de mujeres desaparecidas sin que exista una respuesta por parte de la Fiscal\u00eda y del gobierno del Estado, encabezado por Alejandro Murat Hinojosa.&nbsp;<\/p>\n\n\n\n<p>Estela Morales, representante del Frente, indic\u00f3 que las mujeres se enfrentan al miedo constante al salir a las calles, sin embargo, reconocen que es necesario que se unan en una sola voz para exigir que sus derechos sean garantizados, particularmente el de vivir una vida libre de violencia.\u00a0<\/p>\n\n\n\n<figure class=\"wp-block-embed-twitter wp-block-embed is-type-rich is-provider-twitter\"><div class=\"wp-block-embed__wrapper\">\n<div class=\"twitter-tweet\"><blockquote class=\"twitter-tweet\" data-lang=\"es\"><p lang=\"es\" dir=\"ltr\"><a href=\"https:\/\/twitter.com\/hashtag\/ENVIVO?src=hash&amp;ref_src=twsrc%5Etfw\">#ENVIVO<\/a><a href=\"https:\/\/twitter.com\/hashtag\/D%C3%ADaInternacionalDeLaMujer?src=hash&amp;ref_src=twsrc%5Etfw\">#D\u00edaInternacionalDeLaMujer<\/a><br>Oaxaca de Ju\u00e1rez, Oax., 8 de marzo de 2021.- Posicionamiento de la Iniciativa Ciudadana, conformada por organismos civiles, en el marco del D\u00eda Internacional de la Mujer. <br>Aqu\u00ed la transmisi\u00f3n:<br>\ud83d\udc47<a href=\"https:\/\/t.co\/lyhrO1yLIG\">https:\/\/t.co\/lyhrO1yLIG<\/a> <a href=\"https:\/\/t.co\/OQkmmDRYQD\">pic.twitter.com\/OQkmmDRYQD<\/a><\/p>&mdash; Zona Roja Oaxaca (@Zona_Roja_Oax) <a href=\"https:\/\/twitter.com\/Zona_Roja_Oax\/status\/1368959432818749440?ref_src=twsrc%5Etfw\">8 de marzo de 2021<\/a><\/blockquote><\/div>\n<\/div><\/figure>\n\n\n\n<p>POR LA FAMILIA<\/p>\n\n\n\n<p>Minutos despu\u00e9s de la manifestaci\u00f3n en la Fiscal\u00eda, frente a la Catedral oaxaque\u00f1a se hicieron presentes integrantes de diversos colectivos religiosos y a favor de la vida, agrupados en el movimiento \u201cMujeres por la vida y la familia\u201d, quienes aseguraron contar con apoyo y consejer\u00eda para las mujeres que as\u00ed lo requieran.&nbsp;<\/p>\n\n\n\n<p>En el lugar, exigieron la protecci\u00f3n de los monumentos y sitios religiosos, as\u00ed como la sanci\u00f3n conforme a la ley de las personas que resulten responsables por los da\u00f1os causados en la marcha de este domingo 7 de marzo; con lo anterior dijeron, no avalan las conductas machistas que se registran en el estado y ponen en riesgo la vida y la integridad de las mujeres, para lo cual tambi\u00e9n piden justicia.\u00a0<\/p>\n\n\n\n<figure class=\"wp-block-embed-twitter wp-block-embed is-type-rich is-provider-twitter\"><div class=\"wp-block-embed__wrapper\">\n<div class=\"twitter-tweet\"><blockquote class=\"twitter-tweet\" data-lang=\"es\"><p lang=\"es\" dir=\"ltr\"><a href=\"https:\/\/twitter.com\/hashtag\/ENVIVO?src=hash&amp;ref_src=twsrc%5Etfw\">#ENVIVO<\/a><a href=\"https:\/\/twitter.com\/hashtag\/D%C3%ADaInternacionalDeLaMujer?src=hash&amp;ref_src=twsrc%5Etfw\">#D\u00edaInternacionalDeLaMujer<\/a><br>Oaxaca de Ju\u00e1rez, Oax., 8 de marzo de 2021.- Marcha de diversas organizaciones sociales, que parti\u00f3 de la fuente de las Ocho Regiones y llega al z\u00f3calo del centro de la ciudad de Oaxaca.<br>Aqu\u00ed la transmisi\u00f3n:<br>\ud83d\udc47<a href=\"https:\/\/t.co\/M7SoE8AQ7v\">https:\/\/t.co\/M7SoE8AQ7v<\/a> <a href=\"https:\/\/t.co\/j1zNR6ZGSe\">pic.twitter.com\/j1zNR6ZGSe<\/a><\/p>&mdash; Zona Roja Oaxaca (@Zona_Roja_Oax) <a href=\"https:\/\/twitter.com\/Zona_Roja_Oax\/status\/1368982674484965383?ref_src=twsrc%5Etfw\">8 de marzo de 2021<\/a><\/blockquote><\/div>\n<\/div><\/figure>\n\n\n\n<p>SE SUMA EL CIPO<\/p>\n\n\n\n<p>Por su parte, mujeres adheridas al Consejo Ind\u00edgena Popular de Oaxaca (CIPO-RFM), al Movimiento de Unificaci\u00f3n y Lucha Triqui, as\u00ed como decenas de organizaciones sociales, marcharon del Paseo Ju\u00e1rez \u201cEl Llano\u201d con destino al z\u00f3calo de la ciudad, hasta donde llegaron para exigir cumplimiento a su pliego de demandas, relacionadas principalmente con temas de obra social, salud y justicia.&nbsp;&nbsp;<\/p>\n\n\n\n<p>Durante la marcha, por las principales calles del Centro Hist\u00f3rico, las mujeres solicitaron mejores condiciones de vida y de trabajo. Recordaron que la lucha por sus derechos tiene m\u00e1s de un siglo, cuando mujeres obreras se manifestaron en Nueva York con el fin de obtener mejoras laborales.&nbsp;<\/p>\n\n\n\n<p>Explicaron que a\u00fan hay grandes retos en el acceso de las mujeres al \u00e1mbito laboral, pol\u00edtico y econ\u00f3mico, a pesar de ser m\u00e1s de la mitad de la poblaci\u00f3n, por lo que aseguran es necesario continuar con la lucha que ponga fin a la discriminaci\u00f3n por raz\u00f3n de g\u00e9nero.\u00a0<\/p>\n\n\n\n<figure class=\"wp-block-embed-twitter wp-block-embed is-type-rich is-provider-twitter\"><div class=\"wp-block-embed__wrapper\">\n<div class=\"twitter-tweet\"><blockquote class=\"twitter-tweet\" data-lang=\"es\"><p lang=\"es\" dir=\"ltr\"><a href=\"https:\/\/twitter.com\/hashtag\/ENVIVO?src=hash&amp;ref_src=twsrc%5Etfw\">#ENVIVO<\/a><a href=\"https:\/\/twitter.com\/hashtag\/D%C3%ADaInternacionalDeLaMujer?src=hash&amp;ref_src=twsrc%5Etfw\">#D\u00edaInternacionalDeLaMujer<\/a><br>Oaxaca de Ju\u00e1rez, Oax., 8 de marzo de 2021.- Una quinta protesta de colectivos feministas parte de la fuente de las Ocho Regiones hacia el centro de ciudad de Oaxaca. <br>Aqu\u00ed la transmisi\u00f3n:<br>\ud83d\udc47<a href=\"https:\/\/t.co\/Acz6M2lEfQ\">https:\/\/t.co\/Acz6M2lEfQ<\/a> <a href=\"https:\/\/t.co\/AafAwuouzW\">pic.twitter.com\/AafAwuouzW<\/a><\/p>&mdash; Zona Roja Oaxaca (@Zona_Roja_Oax) <a href=\"https:\/\/twitter.com\/Zona_Roja_Oax\/status\/1369002292989456385?ref_src=twsrc%5Etfw\">8 de marzo de 2021<\/a><\/blockquote><\/div>\n<\/div><\/figure>\n\n\n\n<p>HASTA BUR\u00d3CRATAS<\/p>\n\n\n\n<p>Tambi\u00e9n salieron a las calles mujeres trabajadoras del Gobierno del Estado, quienes realizaron una marcha-mitin del atrio de la iglesia de Santo Domingo al z\u00f3calo de la ciudad, en la que protestaron por los actos violentos en su contra que se suscitaron el s\u00e1bado seis de marzo, en el marco de la reuni\u00f3n que llev\u00f3 a cabo la dirigencia sindical.<\/p>\n\n\n\n<p>Finalmente, colectivos feministas y de mujeres se reunieron en la fuente de las Ocho Regiones para iniciar una caminata segura y caravana de autom\u00f3viles ponderando la sana distancia y los cuidados sanitarios derivados de la pandemia que a\u00fan se viven en el pa\u00eds y la entidad.&nbsp;&nbsp;<\/p>\n\n\n\n<p>La acci\u00f3n concluy\u00f3 en el z\u00f3calo de la ciudad, hasta donde arribaron las participantes para denunciar que los gobiernos, en sus diferentes niveles, no han sido capaces de garantizar el pleno goce de los derechos humanos a los que son acreedora la poblaci\u00f3n femenina, m\u00e1s de la mitad de habitantes en el pa\u00eds.&nbsp;<\/p>\n\n\n\n<p>\u201cEl Estado mexicano est\u00e1 obligado a proveer las condiciones necesarias para el respeto irrestricto de todos nuestros derechos, tales como salud, paridad en cargos de elecci\u00f3n popular, salarios dignos y facilidad para recibir educaci\u00f3n, particularmente en este periodo de contingencia\u201d, refirieron como parte de su comunicado.&nbsp;<\/p>\n\n\n\n<p>Portando distintivos morados y verdes, las mujeres realizaron un ritual en el que llamaron al cuidado de la madre tierra y de todas las mujeres del mundo, para quienes, adem\u00e1s pidieron justicia; posteriormente salieron en marcha y caravana portando carteles y mantas en demanda de respeto y justicia.\u00a0\u00a0<\/p>\n\n\n\n<p>Todas las movilizaciones se realizaron de manera pac\u00edfica y s\u00f3lo en la de organizaciones sociales pintaron algunas paredes en su trayectoria, sin realizar actos vand\u00e1licos, como ocurri\u00f3 en la manifestaci\u00f3n de ayer por la tarde.<\/p>\n","protected":false},"excerpt":{"rendered":"<p>Evlin Arag\u00f3n\/Zona Roja. Oaxaca de Ju\u00e1rez, Oax., 8 de marzo de 2021.- En el marco&hellip;<\/p>\n","protected":false},"author":2,"featured_media":24434,"comment_status":"closed","ping_status":"open","sticky":false,"template":"","format":"standard","meta":{"_lmt_disableupdate":"","_lmt_disable":"","_jetpack_memberships_contains_paid_content":false,"footnotes":""},"categories":[109,46],"tags":[1472],"class_list":["post-24433","post","type-post","status-publish","format-standard","has-post-thumbnail","hentry","category-minuto-a-minuto","category-zona-blanca","tag-dia-internacional-de-la-mujer-en-oaxaca"],"jetpack_featured_media_url":"https:\/\/zonaroja.com.mx\/wp-content\/uploads\/2021\/03\/Marchas-feministas-Oaxaca.jpg","jetpack_sharing_enabled":true,"_links":{"self":[{"href":"https:\/\/zonaroja.com.mx\/index.php?rest_route=\/wp\/v2\/posts\/24433","targetHints":{"allow":["GET"]}}],"collection":[{"href":"https:\/\/zonaroja.com.mx\/index.php?rest_route=\/wp\/v2\/posts"}],"about":[{"href":"https:\/\/zonaroja.com.mx\/index.php?rest_route=\/wp\/v2\/types\/post"}],"author":[{"embeddable":true,"href":"https:\/\/zonaroja.com.mx\/index.php?rest_route=\/wp\/v2\/users\/2"}],"replies":[{"embeddable":true,"href":"https:\/\/zonaroja.com.mx\/index.php?rest_route=%2Fwp%2Fv2%2Fcomments&post=24433"}],"version-history":[{"count":1,"href":"https:\/\/zonaroja.com.mx\/index.php?rest_route=\/wp\/v2\/posts\/24433\/revisions"}],"predecessor-version":[{"id":24435,"href":"https:\/\/zonaroja.com.mx\/index.php?rest_route=\/wp\/v2\/posts\/24433\/revisions\/24435"}],"wp:featuredmedia":[{"embeddable":true,"href":"https:\/\/zonaroja.com.mx\/index.php?rest_route=\/wp\/v2\/media\/24434"}],"wp:attachment":[{"href":"https:\/\/zonaroja.com.mx\/index.php?rest_route=%2Fwp%2Fv2%2Fmedia&parent=24433"}],"wp:term":[{"taxonomy":"category","embeddable":true,"href":"https:\/\/zonaroja.com.mx\/index.php?rest_route=%2Fwp%2Fv2%2Fcategories&post=24433"},{"taxonomy":"post_tag","embeddable":true,"href":"https:\/\/zonaroja.com.mx\/index.php?rest_route=%2Fwp%2Fv2%2Ftags&post=24433"}],"curies":[{"name":"wp","href":"https:\/\/api.w.org\/{rel}","templated":true}]}}