{"id":24439,"date":"2021-03-08T15:46:43","date_gmt":"2021-03-08T21:46:43","guid":{"rendered":"http:\/\/www.zonaroja.com.mx\/?p=24439"},"modified":"2021-03-08T15:46:47","modified_gmt":"2021-03-08T21:46:47","slug":"privan-desorganizacion-y-filas-en-vispera-de-aplicar-vacunas-en-la-capital","status":"publish","type":"post","link":"https:\/\/zonaroja.com.mx\/?p=24439","title":{"rendered":"Privan desorganizaci\u00f3n y filas en v\u00edspera de aplicar vacunas en la capital"},"content":{"rendered":"\n<p>Yuridiana Sosa\/Zona Roja.<\/p>\n\n\n\n<p>Oaxaca de Ju\u00e1rez, Oax., 8 de marzo de 2021.- Sin importar las condiciones, el calor, los riesgos a la salud y la larga espera, miles de adultos mayores en la capital de Oaxaca comenzaron filas con casi 24 horas antes para recibir la vacuna contra el Covid-19.<\/p>\n\n\n\n<p>Apenas se enter\u00f3 la poblaci\u00f3n sobre los 11 puntos de vacunaci\u00f3n para atender a los adultos mayores, largas filas comenzaron a formarse desde la ma\u00f1ana de este lunes, para recibir la dosis el martes.<\/p>\n\n\n\n<p>Entre rumores sobre el protocolo del proceso, falta de organizaci\u00f3n de autoridades encargadas &#8211;locales, estatales y federales&#8211; y claridad en la informaci\u00f3n, adultos mayores o familiares de ellos acudieron a los puntos de vacunaci\u00f3n para posiblemente registrarse y garantizar la dosis.<\/p>\n\n\n\n<p>Las filas donde se registr\u00f3 mayor presencia de personas fueron en la Plaza de la Danza, en el Centro Hist\u00f3rico de Oaxaca, y al exterior de la Facultad de Medicina y Cirug\u00eda de la UABJO, en la zona norte de la capital, as\u00ed como el gimnasio de Ciudad Universitaria, al sur.<\/p>\n\n\n\n<p>Ivette Luna es una de las ciudadanas que desde las 10:00 horas de este lunes arrib\u00f3 al exterior de la Facultad de Medicina, en inmediaciones del Hospital Civil \u201cDr. Aurelio Valdivieso\u201d, para formarse y de ser posible, pasar la noche para apartar los lugares de sus cuatro adultos mayores de su familia.<\/p>\n\n\n\n<p>La mujer espera desde el frente del \u00e1rea de urgencia del nosocomio, hasta donde lleg\u00f3 por el rumor que ya hab\u00eda comenzado el registro de los abuelitos que ser\u00e1n vacunados. Pero al ver que ya se realizaba una fila, decidi\u00f3 quedarse.<\/p>\n\n\n\n<p>En este punto, dijo, algunas personas responsables del proceso les informaron que no era necesario quedarse, pues hasta ma\u00f1ana a partir de las 08:00 horas comenzar\u00e1 la jornada. Sin embargo, los interesados decidieron quedarse.<\/p>\n\n\n\n<p>En las primeras horas de la ma\u00f1ana la fila alcanz\u00f3 varios metros despu\u00e9s de la sede de vacunaci\u00f3n.<\/p>\n\n\n\n<figure class=\"wp-block-embed-twitter wp-block-embed is-type-rich is-provider-twitter\"><div class=\"wp-block-embed__wrapper\">\n<div class=\"twitter-tweet\"><blockquote class=\"twitter-tweet\" data-lang=\"es\"><p lang=\"es\" dir=\"ltr\"><a href=\"https:\/\/twitter.com\/hashtag\/ENVIVO?src=hash&amp;ref_src=twsrc%5Etfw\">#ENVIVO<\/a> <br>Oaxaca de Ju\u00e1rez, Oax., 8 de marzo de 2021.- Ma\u00f1ana inicia la vacunaci\u00f3n contra el Covid para adultos mayores en la capital, pero ya hay aglomeraciones en varias de las 11 sedes, entre ellas la Facultad de Medicina.<br>Aqu\u00ed la transmisi\u00f3n:<a href=\"https:\/\/t.co\/fNkx0VsgJT\">https:\/\/t.co\/fNkx0VsgJT<\/a> <a href=\"https:\/\/t.co\/VPM4Bb6Wv7\">pic.twitter.com\/VPM4Bb6Wv7<\/a><\/p>&mdash; Zona Roja Oaxaca (@Zona_Roja_Oax) <a href=\"https:\/\/twitter.com\/Zona_Roja_Oax\/status\/1369014420299386880?ref_src=twsrc%5Etfw\">8 de marzo de 2021<\/a><\/blockquote><\/div>\n<\/div><\/figure>\n\n\n\n<p>DESINFORMACI\u00d3N E INCERTIDUMBRE<\/p>\n\n\n\n<p>Una situaci\u00f3n similar se vivi\u00f3 en la Plaza de la Danza, donde la formaci\u00f3n tambi\u00e9n sobrepas\u00f3 dos cuadras en las primeras horas. La incertidumbre sobre el proceso permanece.<\/p>\n\n\n\n<p>En ese punto, los abuelitos y familiares de los adultos mayores destacaron que llegaron a formarse ante la informaci\u00f3n que la vacunaci\u00f3n se realizar\u00eda conforme a la fila, mientras que personal de log\u00edstica inform\u00f3 que no hab\u00eda certeza sobre el respeto del orden de la fila.<\/p>\n\n\n\n<p>Adultos mayores que llegaron al lugar plantearon sus dudas sobre las llamadas que recibieron de autoridades nacionales, pues les indicaron que el proceso se realizar\u00eda conforme a la letra del abecedario, pero al ver que ya existe una fila tienen incertidumbre de cu\u00e1l ser\u00e1 el protocolo.<\/p>\n\n\n\n<p>Personal de organizaci\u00f3n que se encontr\u00f3 en la Plaza de la Danza no ofreci\u00f3 una respuesta clara para resolver las dudas de las personas y solo recomend\u00f3 retirarse, pero los abuelitos se negaron.<\/p>\n\n\n\n<p>VACUNACI\u00d3N<\/p>\n\n\n\n<p>Los Servicios de Salud de Oaxaca (SSO) informaron que llegaron a la entidad un lote de 30 mil 225 vacunas contra el virus SARS-CoV-2 de la empresa Pfizer-BioNTech y 28 mil 699 dosis de Sinovac para personas adultas mayores de la regi\u00f3n de Valles Centrales.<\/p>\n\n\n\n<p>Destac\u00f3 que en el Municipio de Oaxaca de Ju\u00e1rez se aplicar\u00e1n en la Plaza de la Danza, en la Facultad de Medicina y en el gimnasio de Ciudad Universitaria de la UABJO, as\u00ed como en el Centro de Salud de la Colonia Estrella.<\/p>\n\n\n\n<p>Otros puntos son la canchas de la Agencia de Polic\u00eda de Dolores, del Ejido Guadalupe Victoria, de Lomas de San Jacinto y de Viguera; adem\u00e1s en el sal\u00f3n de usos m\u00faltiples del comit\u00e9 de vida vecinal de La Joya, en la explanada de la Agencia Municipal de Pueblo Nuevo y en la explanada de la Agencia de Polic\u00eda de San Mart\u00edn Mexicapam.<\/p>\n\n\n\n<p>En otras zonas donde se realizar\u00e1 la jornada es en la explanada del palacio municipal de \u00c1nimas Trujano; en el centro de salud de San Agust\u00edn Yatareni; en la explanada de la casa del pueblo de San Andr\u00e9s Ixtlahuaca; en el centro de desarrollo comunitario de Santo Domingo Tomaltepec, y en el municipio de Tlacolula de Matamoros.<\/p>\n","protected":false},"excerpt":{"rendered":"<p>Yuridiana Sosa\/Zona Roja. Oaxaca de Ju\u00e1rez, Oax., 8 de marzo de 2021.- Sin importar las&hellip;<\/p>\n","protected":false},"author":2,"featured_media":24440,"comment_status":"closed","ping_status":"open","sticky":false,"template":"","format":"standard","meta":{"_lmt_disableupdate":"","_lmt_disable":"","_jetpack_memberships_contains_paid_content":false,"footnotes":""},"categories":[109,47],"tags":[2511],"class_list":["post-24439","post","type-post","status-publish","format-standard","has-post-thumbnail","hentry","category-minuto-a-minuto","category-zona-gris","tag-vacunacion-anticovid-oaxaca"],"jetpack_featured_media_url":"https:\/\/zonaroja.com.mx\/wp-content\/uploads\/2021\/03\/Filas-vacunas-Medicina.jpg","jetpack_sharing_enabled":true,"_links":{"self":[{"href":"https:\/\/zonaroja.com.mx\/index.php?rest_route=\/wp\/v2\/posts\/24439","targetHints":{"allow":["GET"]}}],"collection":[{"href":"https:\/\/zonaroja.com.mx\/index.php?rest_route=\/wp\/v2\/posts"}],"about":[{"href":"https:\/\/zonaroja.com.mx\/index.php?rest_route=\/wp\/v2\/types\/post"}],"author":[{"embeddable":true,"href":"https:\/\/zonaroja.com.mx\/index.php?rest_route=\/wp\/v2\/users\/2"}],"replies":[{"embeddable":true,"href":"https:\/\/zonaroja.com.mx\/index.php?rest_route=%2Fwp%2Fv2%2Fcomments&post=24439"}],"version-history":[{"count":1,"href":"https:\/\/zonaroja.com.mx\/index.php?rest_route=\/wp\/v2\/posts\/24439\/revisions"}],"predecessor-version":[{"id":24441,"href":"https:\/\/zonaroja.com.mx\/index.php?rest_route=\/wp\/v2\/posts\/24439\/revisions\/24441"}],"wp:featuredmedia":[{"embeddable":true,"href":"https:\/\/zonaroja.com.mx\/index.php?rest_route=\/wp\/v2\/media\/24440"}],"wp:attachment":[{"href":"https:\/\/zonaroja.com.mx\/index.php?rest_route=%2Fwp%2Fv2%2Fmedia&parent=24439"}],"wp:term":[{"taxonomy":"category","embeddable":true,"href":"https:\/\/zonaroja.com.mx\/index.php?rest_route=%2Fwp%2Fv2%2Fcategories&post=24439"},{"taxonomy":"post_tag","embeddable":true,"href":"https:\/\/zonaroja.com.mx\/index.php?rest_route=%2Fwp%2Fv2%2Ftags&post=24439"}],"curies":[{"name":"wp","href":"https:\/\/api.w.org\/{rel}","templated":true}]}}