{"id":24445,"date":"2021-03-08T20:56:11","date_gmt":"2021-03-09T02:56:11","guid":{"rendered":"http:\/\/www.zonaroja.com.mx\/?p=24445"},"modified":"2021-03-08T20:56:14","modified_gmt":"2021-03-09T02:56:14","slug":"en-dia-de-la-mujer-la-policia-de-tuxtepec-detiene-a-una-joven-por-manifestarse","status":"publish","type":"post","link":"https:\/\/zonaroja.com.mx\/?p=24445","title":{"rendered":"En D\u00eda de la Mujer, la polic\u00eda de Tuxtepec detiene a una joven por manifestarse"},"content":{"rendered":"\n<p>Yuridiana Sosa\/Zona Roja. Foto: Expresi\u00f3n de la Cuenca<\/p>\n\n\n\n<p>San Juan Bautista Tuxtepec, Oax.- 8 de marzo de 2021.- Una joven integrante del Colectivo Tuxfem fue detenida la tarde de este lunes, D\u00eda Internacional de la Mujer, por elementos de la polic\u00eda municipal de Tuxtepec, cuando se manifestaba en la glorieta de \u201cFlor de Pi\u00f1a\u201d, en el bulevar Benito Ju\u00e1rez.<\/p>\n\n\n\n<p>Como parte de su jornada de lucha programada por el colectivo para este 8 de marzo, un grupo reducido de j\u00f3venes se congreg\u00f3 en el monumento, previo a la marcha, para manifestarse contra los feminicidios y desapariciones.<\/p>\n\n\n\n<p>Cuando una de las mujeres escribi\u00f3 en la base de concreto los nombres de las v\u00edctimas en Tuxtepec, los uniformados se aproximaron de forma inmediata, pues ya hab\u00edan hecho presencia, estacionados a varios metros, ante la actividad de las j\u00f3venes.<\/p>\n\n\n\n<p>La polic\u00eda municipal justific\u00f3 que se trataba de vandalismo, por lo que le coloc\u00f3 esposas, la subi\u00f3 a la patrulla y la traslad\u00f3 a los separos municipales.<\/p>\n\n\n\n<p>\u201cLa polic\u00eda est\u00e1 llev\u00e1ndose a una de nuestras compa\u00f1eras, la subieron a una patrulla como una delincuente por manifestarse, que no quede duda que la polic\u00eda no respeta nuestras manifestaciones, nos toman como unas delincuentes, por darle voz a las desaparecidas\u201d, public\u00f3 el colectivo en su cuenta de Facebook.<\/p>\n\n\n\n<p>Al lugar arribaron al menos cinco unidades patrulla para ser testigos del hecho e intimidar a las j\u00f3venes.<\/p>\n\n\n\n<p>Minutos despu\u00e9s, se dio a conocer que la joven detenida qued\u00f3 en libertad a menos de una hora de los hechos, tras levantarle s\u00f3lo una falta administrativa, pero no pag\u00f3 multa.<\/p>\n\n\n\n<p>Sin embargo, integrantes del Colectivo Tuxfem condenaron la acci\u00f3n de la polic\u00eda municipal pues ante una indefensa manifestaci\u00f3n arribaron con varias unidades policiales, mientras que, cuando otras ciudadanas piden ayuda por inseguridad o agresi\u00f3n no llegan, as\u00ed como cuando se trata de un hecho violento en la ciudad.<\/p>\n\n\n\n<p>Poco despu\u00e9s, las j\u00f3venes del Colectivo, amigas y familiares de mujeres v\u00edctimas de la violencia realizaron una marcha por las principales calles de Tuxtepec, que parti\u00f3 del monumento a \u201cFlor de Pi\u00f1a\u201d, hasta el parque Benito Ju\u00e1rez, frente al palacio municipal.<\/p>\n\n\n\n<p>La marcha se realiz\u00f3 de forma pac\u00edfica, entre consignas, reclamos y exigencia de justicia; en el parque municipal, colocaron el centro sus cartulinas con los nombres de las tuxtepecanas agredidas. Recordaron a quienes no est\u00e1n, como son Itzel, v\u00edctima de desaparici\u00f3n desde hace 11 meses.<\/p>\n","protected":false},"excerpt":{"rendered":"<p>Yuridiana Sosa\/Zona Roja. Foto: Expresi\u00f3n de la Cuenca San Juan Bautista Tuxtepec, Oax.- 8 de&hellip;<\/p>\n","protected":false},"author":2,"featured_media":24446,"comment_status":"closed","ping_status":"open","sticky":false,"template":"","format":"standard","meta":{"_lmt_disableupdate":"","_lmt_disable":"","_jetpack_memberships_contains_paid_content":false,"footnotes":""},"categories":[109,47],"tags":[118],"class_list":["post-24445","post","type-post","status-publish","format-standard","has-post-thumbnail","hentry","category-minuto-a-minuto","category-zona-gris","tag-san-juan-bautista-tuxtepec"],"jetpack_featured_media_url":"https:\/\/zonaroja.com.mx\/wp-content\/uploads\/2021\/03\/Protesta-Tuxtepec-2.jpg","jetpack_sharing_enabled":true,"_links":{"self":[{"href":"https:\/\/zonaroja.com.mx\/index.php?rest_route=\/wp\/v2\/posts\/24445","targetHints":{"allow":["GET"]}}],"collection":[{"href":"https:\/\/zonaroja.com.mx\/index.php?rest_route=\/wp\/v2\/posts"}],"about":[{"href":"https:\/\/zonaroja.com.mx\/index.php?rest_route=\/wp\/v2\/types\/post"}],"author":[{"embeddable":true,"href":"https:\/\/zonaroja.com.mx\/index.php?rest_route=\/wp\/v2\/users\/2"}],"replies":[{"embeddable":true,"href":"https:\/\/zonaroja.com.mx\/index.php?rest_route=%2Fwp%2Fv2%2Fcomments&post=24445"}],"version-history":[{"count":1,"href":"https:\/\/zonaroja.com.mx\/index.php?rest_route=\/wp\/v2\/posts\/24445\/revisions"}],"predecessor-version":[{"id":24447,"href":"https:\/\/zonaroja.com.mx\/index.php?rest_route=\/wp\/v2\/posts\/24445\/revisions\/24447"}],"wp:featuredmedia":[{"embeddable":true,"href":"https:\/\/zonaroja.com.mx\/index.php?rest_route=\/wp\/v2\/media\/24446"}],"wp:attachment":[{"href":"https:\/\/zonaroja.com.mx\/index.php?rest_route=%2Fwp%2Fv2%2Fmedia&parent=24445"}],"wp:term":[{"taxonomy":"category","embeddable":true,"href":"https:\/\/zonaroja.com.mx\/index.php?rest_route=%2Fwp%2Fv2%2Fcategories&post=24445"},{"taxonomy":"post_tag","embeddable":true,"href":"https:\/\/zonaroja.com.mx\/index.php?rest_route=%2Fwp%2Fv2%2Ftags&post=24445"}],"curies":[{"name":"wp","href":"https:\/\/api.w.org\/{rel}","templated":true}]}}