{"id":24448,"date":"2021-03-08T21:55:26","date_gmt":"2021-03-09T03:55:26","guid":{"rendered":"http:\/\/www.zonaroja.com.mx\/?p=24448"},"modified":"2021-03-08T21:55:31","modified_gmt":"2021-03-09T03:55:31","slug":"piden-un-fiscal-con-verdadero-compromiso-en-la-aplicacion-de-justicia","status":"publish","type":"post","link":"https:\/\/zonaroja.com.mx\/?p=24448","title":{"rendered":"Piden un fiscal con verdadero compromiso en la aplicaci\u00f3n de justicia"},"content":{"rendered":"\n<p>Evlin Arag\u00f3n\/Zona Roja.<\/p>\n\n\n\n<p>Oaxaca de Ju\u00e1rez, Oax., 8 de marzo de 2021.- Mar\u00eda Elena R\u00edos Ortiz y Soledad Jarqu\u00edn Edgar, ambas feministas y v\u00edctimas de la violencia machista y feminicida en Oaxaca, exigieron al gobierno encabezado por Alejandro Murat Hinojosa y al Congreso local, nombrar una persona \u00edntegra y comprometida con la aplicaci\u00f3n de la justicia, al frente de la Fiscal\u00eda General del Estado.&nbsp;<\/p>\n\n\n\n<p>Lo anterior tras la renuncia de Rub\u00e9n Vasconcelos M\u00e9ndez, a quien acusan de simulaci\u00f3n, omisi\u00f3n y complicidad con los agresores de las mujeres, a los cuales dej\u00f3 sin sentencia o libres sin fincarles cargo alguno, acci\u00f3n que no deber\u00eda volverse a repetir en la instancia.&nbsp;&nbsp;&nbsp;<\/p>\n\n\n\n<p>\u201cPedimos al gobierno de Oaxaca, as\u00ed como al Congreso local que la mujer o el hombre que ocupe el cargo de Fiscal General sea una persona con un antecedente fiel, que se honesta y tenga credibilidad y convicci\u00f3n por las mujeres y hombres que piden justicia\u201d, dijo la saxofonista Mar\u00eda Elena R\u00edos.<\/p>\n\n\n\n<p>Independientemente de las caracter\u00edsticas particulares que debe cumplir la persona al frente de la Fiscal\u00eda, Soledad Jarqu\u00edn indic\u00f3 que es indispensable garantizar la autonom\u00eda real de la instancia, esa que nunca se vio con Rub\u00e9n Vasconcelos al frente, ya que no pudo, ni quiso, hacer su trabajo como mandata la ley.<\/p>\n\n\n\n<p>\u201cOaxaca no merece servidores p\u00fablicos como Rub\u00e9n Vasconcelos M\u00e9ndez. Hay que impedir que la omisi\u00f3n, que caracteriz\u00f3 su administraci\u00f3n, sea una constante de la instituci\u00f3n encargada de hacer cumplir la ley y brindar justicia a la poblaci\u00f3n en general\u201d, dijo.\u00a0\u00a0<\/p>\n\n\n\n<figure class=\"wp-block-embed-twitter wp-block-embed is-type-rich is-provider-twitter\"><div class=\"wp-block-embed__wrapper\">\n<div class=\"twitter-tweet\"><blockquote class=\"twitter-tweet\" data-lang=\"es\"><p lang=\"es\" dir=\"ltr\">\u201cQu\u00e9 bueno que te fuiste, porque en todo este tiempo no supiste ni ejerciste ni honraste el cargo de un fiscal\u201d: <a href=\"https:\/\/twitter.com\/_ElenaRios?ref_src=twsrc%5Etfw\">@_ElenaRios<\/a>.<br>\u201cCon <a href=\"https:\/\/twitter.com\/RVasconcelosM?ref_src=twsrc%5Etfw\">@RVasconcelosM<\/a> al frente, no tuvimos justicia; le fall\u00f3 a mi familia, a las mujeres, a la sociedad; qu\u00e9 bueno que ya se fue\u201d: <a href=\"https:\/\/twitter.com\/jarquinedgar?ref_src=twsrc%5Etfw\">@jarquinedgar<\/a>. <a href=\"https:\/\/t.co\/U2WBfRBh5M\">pic.twitter.com\/U2WBfRBh5M<\/a><\/p>&mdash; Zona Roja Oaxaca (@Zona_Roja_Oax) <a href=\"https:\/\/twitter.com\/Zona_Roja_Oax\/status\/1368653108918714368?ref_src=twsrc%5Etfw\">7 de marzo de 2021<\/a><\/blockquote><\/div>\n<\/div><\/figure>\n\n\n\n<p>Tanto la reconocida periodista, como la joven saxofonista, pidieron a la ciudadan\u00eda en general unirse a la exigencia de que sus representantes sean personas con m\u00e9rito, convicci\u00f3n y congruencia, pero sobre todo con ganas de trabajar a favor de las v\u00edctimas, a quienes urge hacerles justicia.<\/p>\n\n\n\n<p>Recordaron que, en ambos casos no han obtenido justicia, por el contrario, solo encontraron simulaci\u00f3n, complicidad e impunidad por parte del hoy ex fiscal, quien incluso se lleg\u00f3 a molestar al ser cuestionado en torno a los avances en las carpetas de investigaci\u00f3n.&nbsp;&nbsp;<\/p>\n\n\n\n<p>As\u00ed mismo, demandaron a la autoridades y organismos pol\u00edtico-electorales no respaldar aspiraciones de un personaje que no cumpli\u00f3 con su deber y dejo una enorme deuda con Oaxaca, que incluso mancha la memoria de su padre, reconocido cronista y a quien d le hubiera tocado rese\u00f1ar la cruda realidad a la que se enfrentaron las mujeres con su hijo al frente de la Fiscal\u00eda.&nbsp;<\/p>\n\n\n\n<p>Por \u00faltimo y de nueva cuenta celebraron la renuncia de Vasconcelos M\u00e9ndez y pidieron no olvidar que se va con el deshonroso r\u00e9cord de 510 feminicidios durante su administraci\u00f3n, de los cuales report\u00f3 75 por ciento de sentencias, cifra que maquillo porque en la realidad s\u00f3lo fueron 25 por ciento del total de casos.&nbsp;<\/p>\n","protected":false},"excerpt":{"rendered":"<p>Evlin Arag\u00f3n\/Zona Roja. Oaxaca de Ju\u00e1rez, Oax., 8 de marzo de 2021.- Mar\u00eda Elena R\u00edos&hellip;<\/p>\n","protected":false},"author":2,"featured_media":5407,"comment_status":"closed","ping_status":"open","sticky":false,"template":"","format":"standard","meta":{"_lmt_disableupdate":"","_lmt_disable":"","_jetpack_memberships_contains_paid_content":false,"footnotes":""},"categories":[109,47],"tags":[494],"class_list":["post-24448","post","type-post","status-publish","format-standard","has-post-thumbnail","hentry","category-minuto-a-minuto","category-zona-gris","tag-fiscalia-general-del-estado-de-oaxaca"],"jetpack_featured_media_url":"https:\/\/zonaroja.com.mx\/wp-content\/uploads\/2019\/11\/Fiscal\u00eda-General-del-Estado-2.jpg","jetpack_sharing_enabled":true,"_links":{"self":[{"href":"https:\/\/zonaroja.com.mx\/index.php?rest_route=\/wp\/v2\/posts\/24448","targetHints":{"allow":["GET"]}}],"collection":[{"href":"https:\/\/zonaroja.com.mx\/index.php?rest_route=\/wp\/v2\/posts"}],"about":[{"href":"https:\/\/zonaroja.com.mx\/index.php?rest_route=\/wp\/v2\/types\/post"}],"author":[{"embeddable":true,"href":"https:\/\/zonaroja.com.mx\/index.php?rest_route=\/wp\/v2\/users\/2"}],"replies":[{"embeddable":true,"href":"https:\/\/zonaroja.com.mx\/index.php?rest_route=%2Fwp%2Fv2%2Fcomments&post=24448"}],"version-history":[{"count":1,"href":"https:\/\/zonaroja.com.mx\/index.php?rest_route=\/wp\/v2\/posts\/24448\/revisions"}],"predecessor-version":[{"id":24449,"href":"https:\/\/zonaroja.com.mx\/index.php?rest_route=\/wp\/v2\/posts\/24448\/revisions\/24449"}],"wp:featuredmedia":[{"embeddable":true,"href":"https:\/\/zonaroja.com.mx\/index.php?rest_route=\/wp\/v2\/media\/5407"}],"wp:attachment":[{"href":"https:\/\/zonaroja.com.mx\/index.php?rest_route=%2Fwp%2Fv2%2Fmedia&parent=24448"}],"wp:term":[{"taxonomy":"category","embeddable":true,"href":"https:\/\/zonaroja.com.mx\/index.php?rest_route=%2Fwp%2Fv2%2Fcategories&post=24448"},{"taxonomy":"post_tag","embeddable":true,"href":"https:\/\/zonaroja.com.mx\/index.php?rest_route=%2Fwp%2Fv2%2Ftags&post=24448"}],"curies":[{"name":"wp","href":"https:\/\/api.w.org\/{rel}","templated":true}]}}