{"id":24450,"date":"2021-03-08T22:11:57","date_gmt":"2021-03-09T04:11:57","guid":{"rendered":"http:\/\/www.zonaroja.com.mx\/?p=24450"},"modified":"2021-03-08T22:12:02","modified_gmt":"2021-03-09T04:12:02","slug":"policia-de-santa-lucia-del-camino-embiste-a-ciudadano-con-discapacidad","status":"publish","type":"post","link":"https:\/\/zonaroja.com.mx\/?p=24450","title":{"rendered":"Polic\u00eda de Santa Luc\u00eda del Camino embiste a ciudadano con discapacidad"},"content":{"rendered":"\n<p>Yuridiana Sosa\/Zona Roja.<\/p>\n\n\n\n<p>Oaxaca de Ju\u00e1rez, Oax., 8 de marzo de 2021.- Para tratar de impedir el perifoneo sobre una inconformidad de colonos contra el presidente de Santa Luc\u00eda del Camino, Dante Monta\u00f1o Montero, la polic\u00eda municipal embisti\u00f3 la unidad conducida por una persona con discapacidad.<\/p>\n\n\n\n<p>El hecho se registr\u00f3 alrededor de las 19:00 horas sobre avenida Ferrocarril y calle de Calicanto, donde la circulaci\u00f3n vial fue afectada por varios minutos mientras se esperaba la atenci\u00f3n de param\u00e9dicos para la v\u00edctima identificada como Diego D\u00edaz, un joven con discapacidad que conduce un veh\u00edculo tipo mototaxi adaptado para perifonear y quien tambi\u00e9n fue v\u00edctima de robo por los uniformados, al despojarlo de su tel\u00e9fono celular.<\/p>\n\n\n\n<p>El joven fue contratado para difundir sobre la inconformidad de vecinos de la colonia Ampliaci\u00f3n de Santa Luc\u00eda, de Santa Luc\u00eda del Camino, contra la construcci\u00f3n de un nuevo pante\u00f3n, misma que no fue consultada con los habitantes de la zona y por lo cual tambi\u00e9n realizaron una protesta en palacio municipal.<\/p>\n\n\n\n<figure class=\"wp-block-embed-twitter wp-block-embed is-type-rich is-provider-twitter\"><div class=\"wp-block-embed__wrapper\">\n<div class=\"twitter-tweet\"><blockquote class=\"twitter-tweet\" data-lang=\"es\"><p lang=\"es\" dir=\"ltr\"><a href=\"https:\/\/twitter.com\/hashtag\/ENVIVO?src=hash&amp;ref_src=twsrc%5Etfw\">#ENVIVO<\/a> <br>Santa Luc\u00eda del Camino, Oax., 8 de marzo de 2021.- Patrulla de la polic\u00eda municipal de <a href=\"https:\/\/twitter.com\/MunSantaLucia?ref_src=twsrc%5Etfw\">@MunSantaLucia<\/a> arrolla a mototaxista discapacitado que perifoneaba a favor de colonos inconformes por la construcci\u00f3n de un pante\u00f3n. <br>Transmisi\u00f3n \ud83d\udc47<a href=\"https:\/\/t.co\/YUCDbijvXB\">https:\/\/t.co\/YUCDbijvXB<\/a> <a href=\"https:\/\/t.co\/8c9nzKbdpb\">pic.twitter.com\/8c9nzKbdpb<\/a><\/p>&mdash; Zona Roja Oaxaca (@Zona_Roja_Oax) <a href=\"https:\/\/twitter.com\/Zona_Roja_Oax\/status\/1369108324570910720?ref_src=twsrc%5Etfw\">9 de marzo de 2021<\/a><\/blockquote><\/div>\n<\/div><\/figure>\n\n\n\n<p>El presidente del asentamiento, Jorge Ju\u00e1rez, se\u00f1al\u00f3 que el edil Dante Monta\u00f1o trata de imponer la obra, pues se niega a escuchar sus peticiones y las razones de su oposici\u00f3n a la construcci\u00f3n de un pante\u00f3n, adem\u00e1s que ahora trat\u00f3 de impedir su derecho a la protesta.<\/p>\n\n\n\n<p>El representante de la colonia apunt\u00f3 que Dante Monta\u00f1o no cuenta con la capacidad de gobernar y s\u00f3lo gan\u00f3 por efecto Andr\u00e9s Manuel L\u00f3pez Obrador, pero que en su b\u00fasqueda por la reelecci\u00f3n no tiene la calidad moral para volver a ganar.<\/p>\n\n\n\n<p>Previo a ello, los manifestantes se hab\u00edan concentrado de manera pac\u00edfica en el exterior del palacio municipal, sin que fueran atendidas sus demandas.<\/p>\n","protected":false},"excerpt":{"rendered":"<p>Yuridiana Sosa\/Zona Roja. Oaxaca de Ju\u00e1rez, Oax., 8 de marzo de 2021.- Para tratar de&hellip;<\/p>\n","protected":false},"author":2,"featured_media":24451,"comment_status":"closed","ping_status":"open","sticky":false,"template":"","format":"standard","meta":{"_lmt_disableupdate":"","_lmt_disable":"","_jetpack_memberships_contains_paid_content":false,"footnotes":""},"categories":[109,47],"tags":[585,337],"class_list":["post-24450","post","type-post","status-publish","format-standard","has-post-thumbnail","hentry","category-minuto-a-minuto","category-zona-gris","tag-dante-montano-montero","tag-santa-lucia-del-camino"],"jetpack_featured_media_url":"https:\/\/zonaroja.com.mx\/wp-content\/uploads\/2021\/03\/Accidentado-Santa-Lucia.jpg","jetpack_sharing_enabled":true,"_links":{"self":[{"href":"https:\/\/zonaroja.com.mx\/index.php?rest_route=\/wp\/v2\/posts\/24450","targetHints":{"allow":["GET"]}}],"collection":[{"href":"https:\/\/zonaroja.com.mx\/index.php?rest_route=\/wp\/v2\/posts"}],"about":[{"href":"https:\/\/zonaroja.com.mx\/index.php?rest_route=\/wp\/v2\/types\/post"}],"author":[{"embeddable":true,"href":"https:\/\/zonaroja.com.mx\/index.php?rest_route=\/wp\/v2\/users\/2"}],"replies":[{"embeddable":true,"href":"https:\/\/zonaroja.com.mx\/index.php?rest_route=%2Fwp%2Fv2%2Fcomments&post=24450"}],"version-history":[{"count":1,"href":"https:\/\/zonaroja.com.mx\/index.php?rest_route=\/wp\/v2\/posts\/24450\/revisions"}],"predecessor-version":[{"id":24452,"href":"https:\/\/zonaroja.com.mx\/index.php?rest_route=\/wp\/v2\/posts\/24450\/revisions\/24452"}],"wp:featuredmedia":[{"embeddable":true,"href":"https:\/\/zonaroja.com.mx\/index.php?rest_route=\/wp\/v2\/media\/24451"}],"wp:attachment":[{"href":"https:\/\/zonaroja.com.mx\/index.php?rest_route=%2Fwp%2Fv2%2Fmedia&parent=24450"}],"wp:term":[{"taxonomy":"category","embeddable":true,"href":"https:\/\/zonaroja.com.mx\/index.php?rest_route=%2Fwp%2Fv2%2Fcategories&post=24450"},{"taxonomy":"post_tag","embeddable":true,"href":"https:\/\/zonaroja.com.mx\/index.php?rest_route=%2Fwp%2Fv2%2Ftags&post=24450"}],"curies":[{"name":"wp","href":"https:\/\/api.w.org\/{rel}","templated":true}]}}