{"id":24453,"date":"2021-03-08T22:20:33","date_gmt":"2021-03-09T04:20:33","guid":{"rendered":"http:\/\/www.zonaroja.com.mx\/?p=24453"},"modified":"2021-03-08T22:20:37","modified_gmt":"2021-03-09T04:20:37","slug":"matan-a-mujer-y-su-hijo-en-comunidad-de-la-costa-de-oaxaca","status":"publish","type":"post","link":"https:\/\/zonaroja.com.mx\/?p=24453","title":{"rendered":"Matan a mujer y su hijo en comunidad de la Costa de Oaxaca"},"content":{"rendered":"\n<p>Redacci\u00f3n\/Zona Roja.<\/p>\n\n\n\n<p>Oaxaca de Ju\u00e1rez, Oax., 8 de marzo de 2021.- Una mujer y su hijo fueron asesinados a balazos en la comunidad de La Merced del Potrero, del municipio de San Miguel del Puerto, en la regi\u00f3n Costa de Oaxaca.<\/p>\n\n\n\n<p>Los hechos habr\u00edan sucedido el pasado s\u00e1bado por la noche; sin embargo, este lunes se difundi\u00f3 el caso, debido a la gravedad de la situaci\u00f3n de inseguridad en la comunidad y la falta de vigilancia policiaca municipal para frenar los delitos.<\/p>\n\n\n\n<p>Las v\u00edctimas fueron identificadas de forma preliminar como Violeta H. F., de 40 a\u00f1os de edad, y su hijo Edilberto C.H., de 24 a\u00f1os de edad.<\/p>\n\n\n\n<p>Hasta el momento se desconoce la forma en que se perpetraron los homicidios, as\u00ed como las causas y el o los probables autores.<\/p>\n\n\n\n<p>De manera continua, los pobladores de las agencias municipales, como La Merced del Potrero, han demandado acciones de seguridad, as\u00ed como recursos presupuestales, pero a la fecha no han sido atendidos.<\/p>\n\n\n\n<p>Por esta causa y por el doble asesinato, se prev\u00e9n manifestaciones en dicha cabecera municipal en los pr\u00f3ximos d\u00edas.<\/p>\n","protected":false},"excerpt":{"rendered":"<p>Redacci\u00f3n\/Zona Roja. Oaxaca de Ju\u00e1rez, Oax., 8 de marzo de 2021.- Una mujer y su&hellip;<\/p>\n","protected":false},"author":2,"featured_media":7486,"comment_status":"closed","ping_status":"open","sticky":false,"template":"","format":"standard","meta":{"_lmt_disableupdate":"","_lmt_disable":"","_jetpack_memberships_contains_paid_content":false,"footnotes":""},"categories":[109,51],"tags":[2033],"class_list":["post-24453","post","type-post","status-publish","format-standard","has-post-thumbnail","hentry","category-minuto-a-minuto","category-zona-roja","tag-san-miguel-del-puerto"],"jetpack_featured_media_url":"https:\/\/zonaroja.com.mx\/wp-content\/uploads\/2020\/01\/Escena-del-crimen7.jpg","jetpack_sharing_enabled":true,"_links":{"self":[{"href":"https:\/\/zonaroja.com.mx\/index.php?rest_route=\/wp\/v2\/posts\/24453","targetHints":{"allow":["GET"]}}],"collection":[{"href":"https:\/\/zonaroja.com.mx\/index.php?rest_route=\/wp\/v2\/posts"}],"about":[{"href":"https:\/\/zonaroja.com.mx\/index.php?rest_route=\/wp\/v2\/types\/post"}],"author":[{"embeddable":true,"href":"https:\/\/zonaroja.com.mx\/index.php?rest_route=\/wp\/v2\/users\/2"}],"replies":[{"embeddable":true,"href":"https:\/\/zonaroja.com.mx\/index.php?rest_route=%2Fwp%2Fv2%2Fcomments&post=24453"}],"version-history":[{"count":1,"href":"https:\/\/zonaroja.com.mx\/index.php?rest_route=\/wp\/v2\/posts\/24453\/revisions"}],"predecessor-version":[{"id":24454,"href":"https:\/\/zonaroja.com.mx\/index.php?rest_route=\/wp\/v2\/posts\/24453\/revisions\/24454"}],"wp:featuredmedia":[{"embeddable":true,"href":"https:\/\/zonaroja.com.mx\/index.php?rest_route=\/wp\/v2\/media\/7486"}],"wp:attachment":[{"href":"https:\/\/zonaroja.com.mx\/index.php?rest_route=%2Fwp%2Fv2%2Fmedia&parent=24453"}],"wp:term":[{"taxonomy":"category","embeddable":true,"href":"https:\/\/zonaroja.com.mx\/index.php?rest_route=%2Fwp%2Fv2%2Fcategories&post=24453"},{"taxonomy":"post_tag","embeddable":true,"href":"https:\/\/zonaroja.com.mx\/index.php?rest_route=%2Fwp%2Fv2%2Ftags&post=24453"}],"curies":[{"name":"wp","href":"https:\/\/api.w.org\/{rel}","templated":true}]}}