{"id":24458,"date":"2021-03-09T07:30:47","date_gmt":"2021-03-09T13:30:47","guid":{"rendered":"http:\/\/www.zonaroja.com.mx\/?p=24458"},"modified":"2021-03-09T07:30:50","modified_gmt":"2021-03-09T13:30:50","slug":"en-la-cdmx-marchas-del-8m-dejaron-62-policias-y-19-civiles-heridos","status":"publish","type":"post","link":"https:\/\/zonaroja.com.mx\/?p=24458","title":{"rendered":"En la Cdmx marchas del 8M dejaron 62 polic\u00edas y 19 civiles heridos"},"content":{"rendered":"\n<p>Redacci\u00f3n\/Zona Roja Cdmx.<\/p>\n\n\n\n<p>Ciudad de M\u00e9xico 9 de marzo de 2021.- Las marchas y protestas por el D\u00eda Internacional de la Mujer en que participaron unas 20 mil personas, dejaron como saldo 62 polic\u00edas 19 civiles heridos, por golpes, quemaduras y gases.<\/p>\n\n\n\n<p>De acuerdo con la Fiscal\u00eda General de Justicia de la Ciudad de M\u00e9xico, por ello inici\u00f3 una carpeta de investigaci\u00f3n derivado de las agresiones contra polic\u00edas como a civiles durante la marcha de este 8 de marzo.<\/p>\n\n\n\n<p>De los heridos, se destaca que nueve polic\u00edas y una civil fueron trasladadas a un nosocomio para recibir atenci\u00f3n m\u00e9dica y hasta el momento se encuentran estables.<\/p>\n\n\n\n<p>Las autoridades de la Ciudad de M\u00e9xico rechazaron que las polic\u00edas que resguardaron la marcha hayan utilizado gas lacrim\u00f3geno u otro tipo de sustancias irritantes contra las manifestantes.<\/p>\n\n\n\n<p>En tanto, el vocero de la Presidencia de la Rep\u00fablica, Jes\u00fas Ram\u00edrez, neg\u00f3 que en el techo haya francotiradores en contra de los manifestantes y explic\u00f3 que se trataba de armas para inhibir el vuelo de drones sobre el inmueble hist\u00f3rico, por seguridad nacional.<\/p>\n","protected":false},"excerpt":{"rendered":"<p>Redacci\u00f3n\/Zona Roja Cdmx. Ciudad de M\u00e9xico 9 de marzo de 2021.- Las marchas y protestas&hellip;<\/p>\n","protected":false},"author":2,"featured_media":24461,"comment_status":"closed","ping_status":"open","sticky":false,"template":"","format":"standard","meta":{"_lmt_disableupdate":"","_lmt_disable":"","_jetpack_memberships_contains_paid_content":false,"footnotes":""},"categories":[109,47],"tags":[1480],"class_list":["post-24458","post","type-post","status-publish","format-standard","has-post-thumbnail","hentry","category-minuto-a-minuto","category-zona-gris","tag-dia-internacional-de-la-mujer"],"jetpack_featured_media_url":"https:\/\/zonaroja.com.mx\/wp-content\/uploads\/2021\/03\/Marcha-de-mujeres-en-CDMX.jpg","jetpack_sharing_enabled":true,"_links":{"self":[{"href":"https:\/\/zonaroja.com.mx\/index.php?rest_route=\/wp\/v2\/posts\/24458","targetHints":{"allow":["GET"]}}],"collection":[{"href":"https:\/\/zonaroja.com.mx\/index.php?rest_route=\/wp\/v2\/posts"}],"about":[{"href":"https:\/\/zonaroja.com.mx\/index.php?rest_route=\/wp\/v2\/types\/post"}],"author":[{"embeddable":true,"href":"https:\/\/zonaroja.com.mx\/index.php?rest_route=\/wp\/v2\/users\/2"}],"replies":[{"embeddable":true,"href":"https:\/\/zonaroja.com.mx\/index.php?rest_route=%2Fwp%2Fv2%2Fcomments&post=24458"}],"version-history":[{"count":1,"href":"https:\/\/zonaroja.com.mx\/index.php?rest_route=\/wp\/v2\/posts\/24458\/revisions"}],"predecessor-version":[{"id":24462,"href":"https:\/\/zonaroja.com.mx\/index.php?rest_route=\/wp\/v2\/posts\/24458\/revisions\/24462"}],"wp:featuredmedia":[{"embeddable":true,"href":"https:\/\/zonaroja.com.mx\/index.php?rest_route=\/wp\/v2\/media\/24461"}],"wp:attachment":[{"href":"https:\/\/zonaroja.com.mx\/index.php?rest_route=%2Fwp%2Fv2%2Fmedia&parent=24458"}],"wp:term":[{"taxonomy":"category","embeddable":true,"href":"https:\/\/zonaroja.com.mx\/index.php?rest_route=%2Fwp%2Fv2%2Fcategories&post=24458"},{"taxonomy":"post_tag","embeddable":true,"href":"https:\/\/zonaroja.com.mx\/index.php?rest_route=%2Fwp%2Fv2%2Ftags&post=24458"}],"curies":[{"name":"wp","href":"https:\/\/api.w.org\/{rel}","templated":true}]}}