{"id":24463,"date":"2021-03-09T07:47:51","date_gmt":"2021-03-09T13:47:51","guid":{"rendered":"http:\/\/www.zonaroja.com.mx\/?p=24463"},"modified":"2021-03-09T07:47:54","modified_gmt":"2021-03-09T13:47:54","slug":"prevenir-la-violencia-de-genero-desde-la-infancia-el-reto-de-cualquier-sociedad","status":"publish","type":"post","link":"https:\/\/zonaroja.com.mx\/?p=24463","title":{"rendered":"Prevenir la violencia de g\u00e9nero desde la infancia, el reto de cualquier sociedad"},"content":{"rendered":"\n<p>Evlin Arag\u00f3n\/Zona Roja.<\/p>\n\n\n\n<p>Oaxaca de Ju\u00e1rez, Oax., 9 de marzo de 2021.- Prevenir la violencia de g\u00e9nero que viven las mujeres en la actualidad implica replantear la forma en la se educa a las ni\u00f1as y los ni\u00f1os, la cual debe estar basada en un marco de derechos humanos y representa un reto para toda la sociedad en general.&nbsp;<\/p>\n\n\n\n<p>As\u00ed lo dio a conocer la doctora Leticia Brise\u00f1o Maas, en el marco de la conferencia \u201cNi\u00f1ez, g\u00e9nero y derechos humanos\u201d, que forma parte del seminario especializado de la Prevenci\u00f3n y Erradicaci\u00f3n del Trabajo Infantil, que organiza SiKanda y World Vision M\u00e9xico a trav\u00e9s de su programa Campos de Esperanza junto con las defensor\u00edas de derechos de Oaxaca, Veracruz, Colima y Puebla.<\/p>\n\n\n\n<p>La especialista en temas de g\u00e9nero por la UABJO, asegur\u00f3 que es en la infancia cuando se aprende el respeto sobre los cuerpos y las personas, de ah\u00ed que sea necesaria la educaci\u00f3n con perspectiva de g\u00e9nero y derechos humanos que permita que ni\u00f1as y ni\u00f1os dejen de reproducir la violencia de g\u00e9nero que hoy es un problema grave en la sociedad.&nbsp;<\/p>\n\n\n\n<p>\u201cLa infancia es una etapa clave en la vida de todas las personas. Es un momento de desarrollo, donde nos formamos y proyectamos, de alg\u00fan modo, lo que posteriormente seremos\u201d, dijo.&nbsp;<\/p>\n\n\n\n<p>Brise\u00f1o Maas se\u00f1al\u00f3 que es mejor inculcarles a las ni\u00f1as mayores libertades de vestimenta, actitudes y acciones de vida, a fin de contar con mujeres aut\u00f3nomas e independientes, a diferencia de las generaciones anteriores que tuvieron y tienen todav\u00eda que enfrentar la carga social de la abnegaci\u00f3n por la familia que se les exig\u00eda.&nbsp;<\/p>\n\n\n\n<p>En contraparte, ense\u00f1ar a los ni\u00f1os a expresar sus emociones libremente, inculcarles el respeto por el cuerpo de las mujeres, y que la violencia no es la mejor forma de resolver los conflictos, lo cual sin duda repercutir\u00e1 en hombres adultos que no toleren la violencia en contra de las mujeres.&nbsp;<\/p>\n\n\n\n<p>De ah\u00ed que insisti\u00f3 en que la prevenci\u00f3n de la violencia de g\u00e9nero y feminicida debe plantearse desde la infancia, al interior del hogar y de las escuelas, a fin de ir modificando de ra\u00edz el comportamiento de mujeres y hombres, el cual tendr\u00eda que estar enmarcado en el respeto a los derechos humanos.&nbsp;&nbsp;&nbsp;<\/p>\n\n\n\n<p>Lo anterior, de acuerdo con la especialista, se puede lograr cambiando los estereotipos de g\u00e9nero, no s\u00f3lo para que las ni\u00f1as cuenten con las m\u00ednimas oportunidad que los varones, sino tambi\u00e9n, para romper con posturas arcaicas que impiden el progreso humano.&nbsp;<\/p>\n\n\n\n<p>As\u00ed mismo, mejorando la calidad de la educaci\u00f3n, no solo en temas de infraestructura y curr\u00edcula, sino con el objetivo de brindar mayor oportunidad de desarrollo para las ni\u00f1as y prepararlas tanto para la vida profesional como de familia.&nbsp;<\/p>\n\n\n\n<p>Y finalmente, aumentar la cantidad de ni\u00f1as en el \u00e1rea de ciencias, ya que muchas a\u00fan son excluidas porque se les considera inferiores, lo cual es falso, toda vez que pueden f\u00e1cilmente desarrollarse en todas las \u00e1reas del saber, como matem\u00e1ticas, ciencia, tecnolog\u00eda e ingenier\u00eda.&nbsp;<\/p>\n\n\n\n<p>Brise\u00f1o Maas puntualiz\u00f3 que la responsabilidad de inculcar a la ni\u00f1ez nuevas formas de vida es de toda la sociedad: familia, escuela y Estado, por lo que en conjunto deben aportar para prevenir la violencia de g\u00e9nero y feminicida que se ha convertido en un lastre social en la actualidad.<\/p>\n","protected":false},"excerpt":{"rendered":"<p>Evlin Arag\u00f3n\/Zona Roja. Oaxaca de Ju\u00e1rez, Oax., 9 de marzo de 2021.- Prevenir la violencia&hellip;<\/p>\n","protected":false},"author":2,"featured_media":24464,"comment_status":"closed","ping_status":"open","sticky":false,"template":"","format":"standard","meta":{"_lmt_disableupdate":"","_lmt_disable":"","_jetpack_memberships_contains_paid_content":false,"footnotes":""},"categories":[109,46],"tags":[2512],"class_list":["post-24463","post","type-post","status-publish","format-standard","has-post-thumbnail","hentry","category-minuto-a-minuto","category-zona-blanca","tag-leticia-briseno-maas"],"jetpack_featured_media_url":"https:\/\/zonaroja.com.mx\/wp-content\/uploads\/2021\/03\/Leticia-Briseno-Maas.jpg","jetpack_sharing_enabled":true,"_links":{"self":[{"href":"https:\/\/zonaroja.com.mx\/index.php?rest_route=\/wp\/v2\/posts\/24463","targetHints":{"allow":["GET"]}}],"collection":[{"href":"https:\/\/zonaroja.com.mx\/index.php?rest_route=\/wp\/v2\/posts"}],"about":[{"href":"https:\/\/zonaroja.com.mx\/index.php?rest_route=\/wp\/v2\/types\/post"}],"author":[{"embeddable":true,"href":"https:\/\/zonaroja.com.mx\/index.php?rest_route=\/wp\/v2\/users\/2"}],"replies":[{"embeddable":true,"href":"https:\/\/zonaroja.com.mx\/index.php?rest_route=%2Fwp%2Fv2%2Fcomments&post=24463"}],"version-history":[{"count":1,"href":"https:\/\/zonaroja.com.mx\/index.php?rest_route=\/wp\/v2\/posts\/24463\/revisions"}],"predecessor-version":[{"id":24465,"href":"https:\/\/zonaroja.com.mx\/index.php?rest_route=\/wp\/v2\/posts\/24463\/revisions\/24465"}],"wp:featuredmedia":[{"embeddable":true,"href":"https:\/\/zonaroja.com.mx\/index.php?rest_route=\/wp\/v2\/media\/24464"}],"wp:attachment":[{"href":"https:\/\/zonaroja.com.mx\/index.php?rest_route=%2Fwp%2Fv2%2Fmedia&parent=24463"}],"wp:term":[{"taxonomy":"category","embeddable":true,"href":"https:\/\/zonaroja.com.mx\/index.php?rest_route=%2Fwp%2Fv2%2Fcategories&post=24463"},{"taxonomy":"post_tag","embeddable":true,"href":"https:\/\/zonaroja.com.mx\/index.php?rest_route=%2Fwp%2Fv2%2Ftags&post=24463"}],"curies":[{"name":"wp","href":"https:\/\/api.w.org\/{rel}","templated":true}]}}