{"id":24466,"date":"2021-03-09T07:56:13","date_gmt":"2021-03-09T13:56:13","guid":{"rendered":"http:\/\/www.zonaroja.com.mx\/?p=24466"},"modified":"2021-03-09T07:56:16","modified_gmt":"2021-03-09T13:56:16","slug":"indispensable-la-profesionalizacion-del-periodismo-de-ciencia","status":"publish","type":"post","link":"https:\/\/zonaroja.com.mx\/?p=24466","title":{"rendered":"Indispensable, la profesionalizaci\u00f3n del periodismo de ciencia"},"content":{"rendered":"\n<p>Evlin Arag\u00f3n\/Zona Roja.<\/p>\n\n\n\n<p>Oaxaca de Ju\u00e1rez, Oax., 9 de marzo de 2021.- Los retos del periodismo de ciencia no son nuevos, por el contrario, llevan ya a\u00f1os haci\u00e9ndose presentes sin ser considerados por las redacciones de los grandes medios de comunicaci\u00f3n, en donde se trivializa o infantiliza la informaci\u00f3n, se piensa que se trata \u00fanicamente de buenas noticias, fortalece las \u201cFake news\u201d, promueve esperanzas falsas y remarca nacionalismos.<\/p>\n\n\n\n<p>Lo anterior, de acuerdo con Aleida Rueda, presidenta de la Red Mexicana de Periodistas de Ciencia, qui\u00e9n inaugur\u00f3 el ciclo de conferencias \u201cUn a\u00f1o de explicar el Covid-19\u201d, impulsada por la Asociaci\u00f3n de Periodistas de Oaxaca, con el respaldo de la Asociaci\u00f3n de Periodistas de Informaci\u00f3n Deportiva de Oaxaca, la Corporaci\u00f3n de Radio y Televisi\u00f3n, la 64 Legislatura del Estado, Radio Universidad de la UABJO, la Benem\u00e9rita Universidad de Oaxaca, entre otras.&nbsp;<\/p>\n\n\n\n<p>De acuerdo con la especialista, considerar al periodismo de ciencia y salud como la nota \u201cligth\u201d es un problema estructural, ya que muchas veces faltan espacios, profesionales especializados, entrenamiento, apoyo, herramientas, recursos econ\u00f3micos, y sobre todo que se valore la especializaci\u00f3n.&nbsp;<\/p>\n\n\n\n<p>Es justo en esas condiciones, que el periodismo de ciencia enfrenta actualmente la pandemia, a lo cual dijo, hay que sumarle que la investigaci\u00f3n propia del virus se encuentra a\u00fan en proceso lo que causa incertidumbre y desinformaci\u00f3n que se ha generado en el \u00faltimo a\u00f1o.&nbsp;<\/p>\n\n\n\n<p>Aleida Rueda asegura que, conforme a los retos explicados, actualmente el periodismo de ciencia ni es periodismo ni tiene ciencia. Por ello, dijo, es indispensable elaborar informaci\u00f3n que de verdad explique la ciencia a fin de que la gente pueda tomar decisiones en temas relacionados con la vida y la salud.&nbsp;&nbsp;&nbsp;<\/p>\n\n\n\n<p>De ah\u00ed que enunci\u00f3 algunos tips necesarios para las coberturas venideras, y las que contin\u00faan a\u00fan derivadas de la pandemia, que son: tener un m\u00ednimo conocimiento cient\u00edfico; entender c\u00f3mo funciona la ciencia; entrenar y contratar a periodistas especializado en ciencia y salud; as\u00ed como convertirnos en audiencias cr\u00edticas.&nbsp;<\/p>\n\n\n\n<p>La primera conferencia, de este ciclo de pl\u00e1ticas, estuvo moderada por la periodista Nadia Altamirano, quien se ha convertido en una voz sumamente importante durante esta contingencia sanitaria al encabezar un programa especializado que da cuenta del acontecer oaxaque\u00f1o, en medio de la pandemia.&nbsp;<\/p>\n\n\n\n<p>De acuerdo con la periodista, es necesaria la preparaci\u00f3n en ciencia y salud de las y los comunicadores, ya que la ciudadan\u00eda busca una explicaci\u00f3n m\u00e1s a profundidad de la pandemia, el uso de ventiladores mec\u00e1nicos, la importancia de las medidas sanitarias, el proceso de vacunaci\u00f3n, entre otros temas.&nbsp;<\/p>\n\n\n\n<p>Por ello, destac\u00f3 la relevancia del ciclo de cuatro conferencias que har\u00e1n \u00e9nfasis en la especializaci\u00f3n de una actividad primordial como lo es el periodismo, en donde quienes lo practican se ha jugado la integridad f\u00edsica e incluso la vida para mantener a la sociedad informada en torno al virus que cimbr\u00f3 a la humanidad en el 2020 y contin\u00faa en este a\u00f1o.<\/p>\n\n\n\n<p>\u201cEl periodismo es una labor indispensable, los medios de comunicaci\u00f3n no han parado, porque la sociedad lo que requiere es estar informada, enterada a profundidad\u201d, refiri\u00f3.<\/p>\n\n\n\n<p>Finalmente, asegur\u00f3 que el ciclo de conferencias tambi\u00e9n es una especie de homenaje a las y los periodistas que, lamentablemente, han perdido la vida en medio de la cobertura diaria.&nbsp;&nbsp;<\/p>\n","protected":false},"excerpt":{"rendered":"<p>Evlin Arag\u00f3n\/Zona Roja. Oaxaca de Ju\u00e1rez, Oax., 9 de marzo de 2021.- Los retos del&hellip;<\/p>\n","protected":false},"author":2,"featured_media":24467,"comment_status":"closed","ping_status":"open","sticky":false,"template":"","format":"standard","meta":{"_lmt_disableupdate":"","_lmt_disable":"","_jetpack_memberships_contains_paid_content":false,"footnotes":""},"categories":[109,46],"tags":[2513],"class_list":["post-24466","post","type-post","status-publish","format-standard","has-post-thumbnail","hentry","category-minuto-a-minuto","category-zona-blanca","tag-aleida-rueda"],"jetpack_featured_media_url":"https:\/\/zonaroja.com.mx\/wp-content\/uploads\/2021\/03\/Aleida-Rueda.jpg","jetpack_sharing_enabled":true,"_links":{"self":[{"href":"https:\/\/zonaroja.com.mx\/index.php?rest_route=\/wp\/v2\/posts\/24466","targetHints":{"allow":["GET"]}}],"collection":[{"href":"https:\/\/zonaroja.com.mx\/index.php?rest_route=\/wp\/v2\/posts"}],"about":[{"href":"https:\/\/zonaroja.com.mx\/index.php?rest_route=\/wp\/v2\/types\/post"}],"author":[{"embeddable":true,"href":"https:\/\/zonaroja.com.mx\/index.php?rest_route=\/wp\/v2\/users\/2"}],"replies":[{"embeddable":true,"href":"https:\/\/zonaroja.com.mx\/index.php?rest_route=%2Fwp%2Fv2%2Fcomments&post=24466"}],"version-history":[{"count":1,"href":"https:\/\/zonaroja.com.mx\/index.php?rest_route=\/wp\/v2\/posts\/24466\/revisions"}],"predecessor-version":[{"id":24468,"href":"https:\/\/zonaroja.com.mx\/index.php?rest_route=\/wp\/v2\/posts\/24466\/revisions\/24468"}],"wp:featuredmedia":[{"embeddable":true,"href":"https:\/\/zonaroja.com.mx\/index.php?rest_route=\/wp\/v2\/media\/24467"}],"wp:attachment":[{"href":"https:\/\/zonaroja.com.mx\/index.php?rest_route=%2Fwp%2Fv2%2Fmedia&parent=24466"}],"wp:term":[{"taxonomy":"category","embeddable":true,"href":"https:\/\/zonaroja.com.mx\/index.php?rest_route=%2Fwp%2Fv2%2Fcategories&post=24466"},{"taxonomy":"post_tag","embeddable":true,"href":"https:\/\/zonaroja.com.mx\/index.php?rest_route=%2Fwp%2Fv2%2Ftags&post=24466"}],"curies":[{"name":"wp","href":"https:\/\/api.w.org\/{rel}","templated":true}]}}