{"id":24472,"date":"2021-03-09T10:25:56","date_gmt":"2021-03-09T16:25:56","guid":{"rendered":"http:\/\/www.zonaroja.com.mx\/?p=24472"},"modified":"2021-03-09T10:26:01","modified_gmt":"2021-03-09T16:26:01","slug":"aprehenden-a-chofer-que-mato-a-gaby-soto-en-xoxocotlan","status":"publish","type":"post","link":"https:\/\/zonaroja.com.mx\/?p=24472","title":{"rendered":"Aprehenden a chofer que mat\u00f3 a Gaby Soto en Xoxocotl\u00e1n"},"content":{"rendered":"\n<p>Redacci\u00f3n\/Zona Roja.<\/p>\n\n\n\n<p>Oaxaca de Ju\u00e1rez, Oax., 9 de marzo de 2021.- Luego de salirse la semana pasada de una audiencia judicial sin haber concluido \u00e9sta, el chofer de la empresa de autobuses \u201cZaachila Yoo\u201d, Jos\u00e9 Mois\u00e9s S. G., acusado de matar a la ciclista Gabriela Soto, fue detenido ayer por elementos de la Agencia Estatal de Investigaciones (AEI).<\/p>\n\n\n\n<p>Lo anterior tras librarse en su contra una orden de aprehensi\u00f3n ante el riesgo de fuga, ya que en la audiencia por cita del 2 de marzo, decidi\u00f3 huir cuando estaba ante el juez.<\/p>\n\n\n\n<p>Jos\u00e9 Mois\u00e9s es acusado de homicidio culposo, delito que no es de prisi\u00f3n preventiva oficiosa, pero ante el riesgo de fuga, al abandonar la sala de audiencias, cuando pidi\u00f3 permiso para acudir al ba\u00f1o y no regres\u00f3, el juez le libr\u00f3 orden de aprehensi\u00f3n y ayer qued\u00f3 en prisi\u00f3n.<\/p>\n\n\n\n<p>El atropellamiento de Gabriela Soto ocurri\u00f3 el 18 de diciembre del 2020 cuando se desplazaba en su bicicleta en el bulevar Guadalupe Hinojosa de Murat, en Santa Cruz Xoxocotl\u00e1n.<\/p>\n\n\n\n<p>Jos\u00e9 Mois\u00e9s conduc\u00eda una unidad de pasaje de la empresa \u201cZaachila Yoo\u201d y presuntamente echaba carreras con otra unidad, lo cual origin\u00f3 el accidente al impactar a la ciclista y ocasion\u00f3 la muerte en el lugar.<\/p>\n\n\n\n<p>El conductor se dio a la fuga, pero durante las investigaciones lograron establecer la identidad y por lo cual el juez libr\u00f3 una orden de comparecencia en su contra y al acudir a la audiencia, decidi\u00f3 darse a la fuga.<\/p>\n\n\n\n<p>Ayer fue detenido de manera formal, por parte de elementos de la Fiscal\u00eda General del Estado de Oaxaca.<\/p>\n","protected":false},"excerpt":{"rendered":"<p>Redacci\u00f3n\/Zona Roja. Oaxaca de Ju\u00e1rez, Oax., 9 de marzo de 2021.- Luego de salirse la&hellip;<\/p>\n","protected":false},"author":2,"featured_media":22473,"comment_status":"closed","ping_status":"open","sticky":false,"template":"","format":"standard","meta":{"_lmt_disableupdate":"","_lmt_disable":"","_jetpack_memberships_contains_paid_content":false,"footnotes":""},"categories":[109,47],"tags":[2304],"class_list":["post-24472","post","type-post","status-publish","format-standard","has-post-thumbnail","hentry","category-minuto-a-minuto","category-zona-gris","tag-gabriela-soto"],"jetpack_featured_media_url":"https:\/\/zonaroja.com.mx\/wp-content\/uploads\/2021\/01\/Gabriela-Soto-ciclista.jpg","jetpack_sharing_enabled":true,"_links":{"self":[{"href":"https:\/\/zonaroja.com.mx\/index.php?rest_route=\/wp\/v2\/posts\/24472","targetHints":{"allow":["GET"]}}],"collection":[{"href":"https:\/\/zonaroja.com.mx\/index.php?rest_route=\/wp\/v2\/posts"}],"about":[{"href":"https:\/\/zonaroja.com.mx\/index.php?rest_route=\/wp\/v2\/types\/post"}],"author":[{"embeddable":true,"href":"https:\/\/zonaroja.com.mx\/index.php?rest_route=\/wp\/v2\/users\/2"}],"replies":[{"embeddable":true,"href":"https:\/\/zonaroja.com.mx\/index.php?rest_route=%2Fwp%2Fv2%2Fcomments&post=24472"}],"version-history":[{"count":1,"href":"https:\/\/zonaroja.com.mx\/index.php?rest_route=\/wp\/v2\/posts\/24472\/revisions"}],"predecessor-version":[{"id":24473,"href":"https:\/\/zonaroja.com.mx\/index.php?rest_route=\/wp\/v2\/posts\/24472\/revisions\/24473"}],"wp:featuredmedia":[{"embeddable":true,"href":"https:\/\/zonaroja.com.mx\/index.php?rest_route=\/wp\/v2\/media\/22473"}],"wp:attachment":[{"href":"https:\/\/zonaroja.com.mx\/index.php?rest_route=%2Fwp%2Fv2%2Fmedia&parent=24472"}],"wp:term":[{"taxonomy":"category","embeddable":true,"href":"https:\/\/zonaroja.com.mx\/index.php?rest_route=%2Fwp%2Fv2%2Fcategories&post=24472"},{"taxonomy":"post_tag","embeddable":true,"href":"https:\/\/zonaroja.com.mx\/index.php?rest_route=%2Fwp%2Fv2%2Ftags&post=24472"}],"curies":[{"name":"wp","href":"https:\/\/api.w.org\/{rel}","templated":true}]}}