{"id":24477,"date":"2021-03-09T16:38:06","date_gmt":"2021-03-09T22:38:06","guid":{"rendered":"http:\/\/www.zonaroja.com.mx\/?p=24477"},"modified":"2021-03-09T16:38:10","modified_gmt":"2021-03-09T22:38:10","slug":"otro-dia-de-caos-e-ingobernabilidad-en-oaxaca-bloqueos-en-istmo-y-valles","status":"publish","type":"post","link":"https:\/\/zonaroja.com.mx\/?p=24477","title":{"rendered":"Otro d\u00eda de caos e ingobernabilidad en Oaxaca; bloqueos en Istmo y Valles"},"content":{"rendered":"\n<p>Yuridiana Sosa\/Zona Roja.<\/p>\n\n\n\n<p>Oaxaca de Ju\u00e1rez, Oax., 9 de marzo de 2021.- Habitantes de distintas comunidades de la regi\u00f3n del Istmo de Tehuantepec, que se oponen al proyecto Trans\u00edstmico, bloquearon hoy las v\u00edas del ferrocarril, ante diversas irregularidades que atentan contra su bienestar.<\/p>\n\n\n\n<p>Con esta manifestaci\u00f3n, los pobladores de las zonas vecinas por las que pasar\u00e1 el tren Interoce\u00e1nico dieron inicio a lo que denominan \u201cSemana de la resistencia civil\u201d, por lo que se prev\u00e9n actividades durante el resto de la semana.<\/p>\n\n\n\n<p>Entre las comunidades que protestan de forma simult\u00e1nea se encuentra Mat\u00edas Romero, Barrio de la Soledad, Santa Mar\u00eda Petapa y San Juan Guachicovi.<\/p>\n\n\n\n<p>Los inconformes indicaron que cerca de las 09:00 horas de este martes, el ferrocarril intent\u00f3 llegar a Mat\u00edas Romero, pero un grupo de hombres y mujeres impidieron que la m\u00e1quina continuara su paso, por lo que tuvo que regresar a la estaci\u00f3n en ese municipio, incrementando la resistencia de los manifestantes.<\/p>\n\n\n\n<p>Mientras que un grupo de 300 campesinos mixes del municipio de San Juan Guichicovi tambi\u00e9n instalaron un plant\u00f3n sobre las v\u00edas del ferrocarril a la altura de la poblaci\u00f3n de Estaci\u00f3n Mogo\u00f1\u00e9.<\/p>\n\n\n\n<p>Los habitantes se oponen a un supuesto desalojo de pobladores que habitan en los tramos colindantes al corredor interoce\u00e1nico, pero tambi\u00e9n exigen un alto a los abusos en el cobro de la energ\u00eda el\u00e9ctrica por parte de la Comisi\u00f3n Federal de Electricidad (CFE).<\/p>\n\n\n\n<p>Entre las denuncias, destacaron que existen irregularidades en la aplicaci\u00f3n de los programas de la Secretar\u00eda de Bienestar y falta ambulancias para el hospital IMSS de las comunidades.<\/p>\n\n\n\n<figure class=\"wp-block-embed-twitter wp-block-embed is-type-rich is-provider-twitter\"><div class=\"wp-block-embed__wrapper\">\n<div class=\"twitter-tweet\"><blockquote class=\"twitter-tweet\" data-lang=\"es\"><p lang=\"es\" dir=\"ltr\"><a href=\"https:\/\/twitter.com\/hashtag\/%C3%9AltimoMinuto?src=hash&amp;ref_src=twsrc%5Etfw\">#\u00daltimoMinuto<\/a> <br>Organizaciones sociales como el CIPO y Lubizha, protestan en la sede del Instituto Nacional de Pueblos Ind\u00edgenas (<a href=\"https:\/\/twitter.com\/INPImx?ref_src=twsrc%5Etfw\">@INPImx<\/a>), en la colonia Reforma de la capital del estado, para exigir recursos y apoyos a programas. <a href=\"https:\/\/t.co\/Dft821WaMk\">pic.twitter.com\/Dft821WaMk<\/a><\/p>&mdash; Zona Roja Oaxaca (@Zona_Roja_Oax) <a href=\"https:\/\/twitter.com\/Zona_Roja_Oax\/status\/1369340061532102656?ref_src=twsrc%5Etfw\">9 de marzo de 2021<\/a><\/blockquote><\/div>\n<\/div><\/figure>\n\n\n\n<p>HASTA M\u00daSICOS<\/p>\n\n\n\n<p>En esa misma regi\u00f3n de Oaxaca, por segundo d\u00eda consecutivo un grupo de m\u00fasicos bloquea la carretera Panamericana 190, que comunica el Istmo con la capital del estado, por incumplimiento de la Secretar\u00eda General de Gobierno (Segego).<\/p>\n\n\n\n<p>Los afectados se\u00f1alaron que en febrero, la Segego se comprometi\u00f3 a ofrecerles apoyos de forma urgente ante la crisis que han padecido a falta de actividades sociales por la pandemia, pero a la fecha no hay respuesta de la dependencia a cargo de Francisco Garc\u00eda L\u00f3pez.<\/p>\n\n\n\n<p>La manifestaci\u00f3n no concluir\u00e1 hasta tener soluci\u00f3n, advirtieron a pesar de la afectaci\u00f3n vial.<\/p>\n\n\n\n<p>EN LA CAPITAL<\/p>\n\n\n\n<p>En tanto en la capital, integrantes de la organizaci\u00f3n Lubizha se manifestaron en las oficinas del Instituto Nacional de los Pueblos Ind\u00edgenas, en Oaxaca, para exigir cumplimiento a varias demandas de car\u00e1cter social.<\/p>\n\n\n\n<p>Los manifestantes cerraron la vialidad frente a la dependencia en la avenida Heroico Colegio Militar, de colonia Reforma, al norte de la capital.<\/p>\n\n\n\n<p>Mientras que mujeres ind\u00edgenas de diversas comunidades de la entidad, adheridas al Consejo Ind\u00edgena Popular de Oaxaca \u201cRicardo Flores Mag\u00f3n\u201d (CIPO-RFM), efectuaron tambi\u00e9n un \u201cplant\u00f3n\u201d en la misma sede, para demandar una mesa de di\u00e1logo y soluci\u00f3n a sus necesidades.<\/p>\n\n\n\n<p>A su vez. en la agencia de Vicente Guerrero del municipio de Villa de Zaachila, en los Valles Centrales, tambi\u00e9n se registraron disturbios ante la falta de atenci\u00f3n de la Segego y el Comisi\u00f3n Estatal del Agua.<\/p>\n\n\n\n<p>La poblaci\u00f3n report\u00f3 que autoridades municipales, por \u00f3rdenes del S\u00edndico, mandaron a reprimir a los habitantes de la agencia que el s\u00e1bado pasado advirtieron de protestas, cierre del basurero municipal y bloqueos a partir de este 10 de marzo si el gobierno no les ofrec\u00eda soluci\u00f3n a la construcci\u00f3n de un pozo profundo de agua potable.<\/p>\n\n\n\n<p>Tras ello, despu\u00e9s del mediod\u00eda iniciaron un bloqueo a la v\u00eda federal 175, Oaxaca-Puerto \u00c1ngel.<\/p>\n\n\n\n<figure class=\"wp-block-embed-twitter wp-block-embed is-type-rich is-provider-twitter\"><div class=\"wp-block-embed__wrapper\">\n<div class=\"twitter-tweet\"><blockquote class=\"twitter-tweet\" data-lang=\"es\"><p lang=\"es\" dir=\"ltr\"><a href=\"https:\/\/twitter.com\/hashtag\/%C3%9AltimoMinuto?src=hash&amp;ref_src=twsrc%5Etfw\">#\u00daltimoMinuto<\/a> <br>Por incumplimiento del titular de los <a href=\"https:\/\/twitter.com\/SSO_GobOax?ref_src=twsrc%5Etfw\">@SSO_GobOax<\/a>, <a href=\"https:\/\/twitter.com\/JC_MarquezH?ref_src=twsrc%5Etfw\">@JC_MarquezH<\/a>, trabajadores sindicalizados inician una protesta en la Casa Oficial de Gobierno y bloquean la avenida Ju\u00e1rez de la ciudad de <a href=\"https:\/\/twitter.com\/hashtag\/Oaxaca?src=hash&amp;ref_src=twsrc%5Etfw\">#Oaxaca<\/a>. <a href=\"https:\/\/t.co\/6t6b8yZyzm\">pic.twitter.com\/6t6b8yZyzm<\/a><\/p>&mdash; Zona Roja Oaxaca (@Zona_Roja_Oax) <a href=\"https:\/\/twitter.com\/Zona_Roja_Oax\/status\/1369281221080023044?ref_src=twsrc%5Etfw\">9 de marzo de 2021<\/a><\/blockquote><\/div>\n<\/div><\/figure>\n","protected":false},"excerpt":{"rendered":"<p>Yuridiana Sosa\/Zona Roja. Oaxaca de Ju\u00e1rez, Oax., 9 de marzo de 2021.- Habitantes de distintas&hellip;<\/p>\n","protected":false},"author":2,"featured_media":24478,"comment_status":"closed","ping_status":"open","sticky":false,"template":"","format":"standard","meta":{"_lmt_disableupdate":"","_lmt_disable":"","_jetpack_memberships_contains_paid_content":false,"footnotes":""},"categories":[109,47],"tags":[2254],"class_list":["post-24477","post","type-post","status-publish","format-standard","has-post-thumbnail","hentry","category-minuto-a-minuto","category-zona-gris","tag-protestas-y-bloqueos-oaxaca"],"jetpack_featured_media_url":"https:\/\/zonaroja.com.mx\/wp-content\/uploads\/2021\/03\/Bloqueos-ferrocarril-Istmo.jpg","jetpack_sharing_enabled":true,"_links":{"self":[{"href":"https:\/\/zonaroja.com.mx\/index.php?rest_route=\/wp\/v2\/posts\/24477","targetHints":{"allow":["GET"]}}],"collection":[{"href":"https:\/\/zonaroja.com.mx\/index.php?rest_route=\/wp\/v2\/posts"}],"about":[{"href":"https:\/\/zonaroja.com.mx\/index.php?rest_route=\/wp\/v2\/types\/post"}],"author":[{"embeddable":true,"href":"https:\/\/zonaroja.com.mx\/index.php?rest_route=\/wp\/v2\/users\/2"}],"replies":[{"embeddable":true,"href":"https:\/\/zonaroja.com.mx\/index.php?rest_route=%2Fwp%2Fv2%2Fcomments&post=24477"}],"version-history":[{"count":1,"href":"https:\/\/zonaroja.com.mx\/index.php?rest_route=\/wp\/v2\/posts\/24477\/revisions"}],"predecessor-version":[{"id":24479,"href":"https:\/\/zonaroja.com.mx\/index.php?rest_route=\/wp\/v2\/posts\/24477\/revisions\/24479"}],"wp:featuredmedia":[{"embeddable":true,"href":"https:\/\/zonaroja.com.mx\/index.php?rest_route=\/wp\/v2\/media\/24478"}],"wp:attachment":[{"href":"https:\/\/zonaroja.com.mx\/index.php?rest_route=%2Fwp%2Fv2%2Fmedia&parent=24477"}],"wp:term":[{"taxonomy":"category","embeddable":true,"href":"https:\/\/zonaroja.com.mx\/index.php?rest_route=%2Fwp%2Fv2%2Fcategories&post=24477"},{"taxonomy":"post_tag","embeddable":true,"href":"https:\/\/zonaroja.com.mx\/index.php?rest_route=%2Fwp%2Fv2%2Ftags&post=24477"}],"curies":[{"name":"wp","href":"https:\/\/api.w.org\/{rel}","templated":true}]}}