{"id":24484,"date":"2021-03-09T20:30:06","date_gmt":"2021-03-10T02:30:06","guid":{"rendered":"http:\/\/www.zonaroja.com.mx\/?p=24484"},"modified":"2021-03-09T20:30:10","modified_gmt":"2021-03-10T02:30:10","slug":"preparan-en-camara-de-diputados-relevo-en-la-fiscalia-general-de-oaxaca","status":"publish","type":"post","link":"https:\/\/zonaroja.com.mx\/?p=24484","title":{"rendered":"Preparan en C\u00e1mara de Diputados relevo en la Fiscal\u00eda General de Oaxaca"},"content":{"rendered":"\n<p>Redacci\u00f3n\/Zona Roja.<\/p>\n\n\n\n<p>Oaxaca de Ju\u00e1rez, Oax., 9 de marzo de 2021.- Tras la dimisi\u00f3n de Rub\u00e9n Vasconcelos M\u00e9ndez al cargo, el pasado viernes, la C\u00e1mara de Diputados local iniciar\u00e1 el proceso para designar al o a la titular de la Fiscal\u00eda General del Estado de Oaxaca.<\/p>\n\n\n\n<p>En un comunicado, el Congreso local inform\u00f3 que la designaci\u00f3n se realizar\u00e1 conforme a los lineamientos fijados en la Constituci\u00f3n Pol\u00edtica del Estado Libre y Soberano de Oaxaca.<\/p>\n\n\n\n<p>Detall\u00f3 que el primer paso consistir\u00e1 en turnar el documento de la renuncia Rub\u00e9n Vasconcelos M\u00e9ndez a la Comisi\u00f3n permanente de Administraci\u00f3n y Procuraci\u00f3n de Justicia. Lo anterior ocurrir\u00e1 durante la sesi\u00f3n ordinaria de este mi\u00e9rcoles 10 de marzo, por parte de la Mesa Directiva.<\/p>\n\n\n\n<p>Posteriormente, la comisi\u00f3n legislativa emitir\u00e1 la convocatoria para la elecci\u00f3n quien ocupe la titularidad de la Fiscal\u00eda, y contar\u00e1 con veinte d\u00edas para integrar una lista de al menos diez personas candidatas al cargo, aprobada por las dos terceras partes de los congresistas presentes.<\/p>\n\n\n\n<p>Elegidas las personas aspirantes, el Poder Legislativo enviar\u00e1 al titular del Ejecutivo del estado la lista, quien tendr\u00e1 diez d\u00edas para formular una terna que remitir\u00e1 a la consideraci\u00f3n del Congreso del Estado.<\/p>\n\n\n\n<p>El Congreso, con base en la terna y previa comparecencia de las personas propuestas, designar\u00e1 al o la titular de la Fiscal\u00eda General del Estado de Oaxaca, con el voto de las dos terceras partes de los miembros presentes dentro del plazo de diez d\u00edas.<\/p>\n\n\n\n<p>\u201cPara la elecci\u00f3n de la persona titular de la Fiscal\u00eda General del Estado, se valorar\u00e1 que \u00e9l o la candidata, cuenten con el perfil, conozcan Oaxaca y tengan sensibilidad para ejecutar la justicia en la entidad\u201d, detall\u00f3 en el comunicado de prensa.<\/p>\n","protected":false},"excerpt":{"rendered":"<p>Redacci\u00f3n\/Zona Roja. Oaxaca de Ju\u00e1rez, Oax., 9 de marzo de 2021.- Tras la dimisi\u00f3n de&hellip;<\/p>\n","protected":false},"author":2,"featured_media":8850,"comment_status":"closed","ping_status":"open","sticky":false,"template":"","format":"standard","meta":{"_lmt_disableupdate":"","_lmt_disable":"","_jetpack_memberships_contains_paid_content":false,"footnotes":""},"categories":[109,47],"tags":[],"class_list":["post-24484","post","type-post","status-publish","format-standard","has-post-thumbnail","hentry","category-minuto-a-minuto","category-zona-gris"],"jetpack_featured_media_url":"https:\/\/zonaroja.com.mx\/wp-content\/uploads\/2020\/02\/Sede-Fiscal\u00eda-General-4.png","jetpack_sharing_enabled":true,"_links":{"self":[{"href":"https:\/\/zonaroja.com.mx\/index.php?rest_route=\/wp\/v2\/posts\/24484","targetHints":{"allow":["GET"]}}],"collection":[{"href":"https:\/\/zonaroja.com.mx\/index.php?rest_route=\/wp\/v2\/posts"}],"about":[{"href":"https:\/\/zonaroja.com.mx\/index.php?rest_route=\/wp\/v2\/types\/post"}],"author":[{"embeddable":true,"href":"https:\/\/zonaroja.com.mx\/index.php?rest_route=\/wp\/v2\/users\/2"}],"replies":[{"embeddable":true,"href":"https:\/\/zonaroja.com.mx\/index.php?rest_route=%2Fwp%2Fv2%2Fcomments&post=24484"}],"version-history":[{"count":1,"href":"https:\/\/zonaroja.com.mx\/index.php?rest_route=\/wp\/v2\/posts\/24484\/revisions"}],"predecessor-version":[{"id":24485,"href":"https:\/\/zonaroja.com.mx\/index.php?rest_route=\/wp\/v2\/posts\/24484\/revisions\/24485"}],"wp:featuredmedia":[{"embeddable":true,"href":"https:\/\/zonaroja.com.mx\/index.php?rest_route=\/wp\/v2\/media\/8850"}],"wp:attachment":[{"href":"https:\/\/zonaroja.com.mx\/index.php?rest_route=%2Fwp%2Fv2%2Fmedia&parent=24484"}],"wp:term":[{"taxonomy":"category","embeddable":true,"href":"https:\/\/zonaroja.com.mx\/index.php?rest_route=%2Fwp%2Fv2%2Fcategories&post=24484"},{"taxonomy":"post_tag","embeddable":true,"href":"https:\/\/zonaroja.com.mx\/index.php?rest_route=%2Fwp%2Fv2%2Ftags&post=24484"}],"curies":[{"name":"wp","href":"https:\/\/api.w.org\/{rel}","templated":true}]}}