{"id":24486,"date":"2021-03-09T21:38:18","date_gmt":"2021-03-10T03:38:18","guid":{"rendered":"http:\/\/www.zonaroja.com.mx\/?p=24486"},"modified":"2021-03-09T21:38:24","modified_gmt":"2021-03-10T03:38:24","slug":"enfermero-abuso-sexualmente-de-una-paciente-lo-vincula-la-fgr-a-proceso","status":"publish","type":"post","link":"https:\/\/zonaroja.com.mx\/?p=24486","title":{"rendered":"Enfermero abus\u00f3 sexualmente de una paciente; lo vincula la FGR a proceso"},"content":{"rendered":"\n<p>Redacci\u00f3n\/Zona Roja.<\/p>\n\n\n\n<p>Oaxaca de Ju\u00e1rez, Oax., 9 de marzo de 2021.- Un enfermero de una cl\u00ednica de Salina Cruz, Oaxaca, cometi\u00f3 abuso sexual contra una paciente, al tocar de manera indebida sus partes \u00edntimas.<\/p>\n\n\n\n<p>Tras la denuncia de la v\u00edctima, el Ministerio P\u00fablico de la Fiscal\u00eda General de la Rep\u00fablica (FGR) en la entidad, obtuvo del Juez de Control auto de vinculaci\u00f3n a proceso contra la persona del sexo masculino.<\/p>\n\n\n\n<p>Ello por el delito de abuso sexual, \u201ccon la agravante de haber sido cometido por servidor p\u00fablico en ejercicio de la profesi\u00f3n, al tener bajo custodia a la v\u00edctima respecto del cargo conferido, il\u00edcito previsto y sancionado en el C\u00f3digo Penal Federal\u201d, detall\u00f3 en un comunicado.<\/p>\n\n\n\n<p>Lo anterior, agreg\u00f3, derivado de que una persona del sexo femenino ingres\u00f3 a una cl\u00ednica de salud p\u00fablica, que se localiza en Salina Cruz, quien requer\u00eda asistencia m\u00e9dica por amenaza de aborto.<\/p>\n\n\n\n<p>Por lo que fue internada \u201cy un enfermero, sin su consentimiento, realiz\u00f3 contactos sexuales tocando indebidamente las partes \u00edntimas de la paciente, la que posteriormente presento su denuncia ante el Ministerio P\u00fablico del Fuero Com\u00fan\u201d.<\/p>\n\n\n\n<p>Por &nbsp;raz\u00f3n de incompetencia, el caso se remiti\u00f3 a la Fiscal\u00eda General de la Republica.<\/p>\n\n\n\n<p>En ese contexto, el Ministerio P\u00fablico Federal (MPF) aport\u00f3 los datos de prueba y obtuvo la vinculaci\u00f3n a proceso en contra del imputado, por el delito en menci\u00f3n, a quien se le impuso las medidas cautelares de presentaci\u00f3n peri\u00f3dica cada 15 d\u00edas, garant\u00eda econ\u00f3mica de 10 mil pesos, prohibici\u00f3n de acercarse a la v\u00edctima y como medida de protecci\u00f3n se le otorg\u00f3 a la v\u00edctima el bot\u00f3n de p\u00e1nico.<\/p>\n\n\n\n<p>Asimismo, se fij\u00f3 un plazo de dos meses para el cierre de la investigaci\u00f3n complementaria.<\/p>\n","protected":false},"excerpt":{"rendered":"<p>Redacci\u00f3n\/Zona Roja. Oaxaca de Ju\u00e1rez, Oax., 9 de marzo de 2021.- Un enfermero de una&hellip;<\/p>\n","protected":false},"author":2,"featured_media":24487,"comment_status":"closed","ping_status":"open","sticky":false,"template":"","format":"standard","meta":{"_lmt_disableupdate":"","_lmt_disable":"","_jetpack_memberships_contains_paid_content":false,"footnotes":""},"categories":[109,47],"tags":[],"class_list":["post-24486","post","type-post","status-publish","format-standard","has-post-thumbnail","hentry","category-minuto-a-minuto","category-zona-gris"],"jetpack_featured_media_url":"https:\/\/zonaroja.com.mx\/wp-content\/uploads\/2021\/03\/Abuso-sexual-paciente-enfermero.jpg","jetpack_sharing_enabled":true,"_links":{"self":[{"href":"https:\/\/zonaroja.com.mx\/index.php?rest_route=\/wp\/v2\/posts\/24486","targetHints":{"allow":["GET"]}}],"collection":[{"href":"https:\/\/zonaroja.com.mx\/index.php?rest_route=\/wp\/v2\/posts"}],"about":[{"href":"https:\/\/zonaroja.com.mx\/index.php?rest_route=\/wp\/v2\/types\/post"}],"author":[{"embeddable":true,"href":"https:\/\/zonaroja.com.mx\/index.php?rest_route=\/wp\/v2\/users\/2"}],"replies":[{"embeddable":true,"href":"https:\/\/zonaroja.com.mx\/index.php?rest_route=%2Fwp%2Fv2%2Fcomments&post=24486"}],"version-history":[{"count":1,"href":"https:\/\/zonaroja.com.mx\/index.php?rest_route=\/wp\/v2\/posts\/24486\/revisions"}],"predecessor-version":[{"id":24488,"href":"https:\/\/zonaroja.com.mx\/index.php?rest_route=\/wp\/v2\/posts\/24486\/revisions\/24488"}],"wp:featuredmedia":[{"embeddable":true,"href":"https:\/\/zonaroja.com.mx\/index.php?rest_route=\/wp\/v2\/media\/24487"}],"wp:attachment":[{"href":"https:\/\/zonaroja.com.mx\/index.php?rest_route=%2Fwp%2Fv2%2Fmedia&parent=24486"}],"wp:term":[{"taxonomy":"category","embeddable":true,"href":"https:\/\/zonaroja.com.mx\/index.php?rest_route=%2Fwp%2Fv2%2Fcategories&post=24486"},{"taxonomy":"post_tag","embeddable":true,"href":"https:\/\/zonaroja.com.mx\/index.php?rest_route=%2Fwp%2Fv2%2Ftags&post=24486"}],"curies":[{"name":"wp","href":"https:\/\/api.w.org\/{rel}","templated":true}]}}