{"id":24489,"date":"2021-03-09T22:03:45","date_gmt":"2021-03-10T04:03:45","guid":{"rendered":"http:\/\/www.zonaroja.com.mx\/?p=24489"},"modified":"2021-03-09T22:03:50","modified_gmt":"2021-03-10T04:03:50","slug":"dirigencia-del-pvem-indolente-falto-de-tacto-falto-de-sensibilidad","status":"publish","type":"post","link":"https:\/\/zonaroja.com.mx\/?p=24489","title":{"rendered":"Dirigencia del PVEM, \u201cindolente, falto de tacto, falto de sensibilidad\u201d."},"content":{"rendered":"\n<p>Redacci\u00f3n\/Zona Roja.<\/p>\n\n\n\n<p>Oaxaca de Ju\u00e1rez, Oax., 9 de marzo de 2021.- Militantes del Partido Verde Ecologista de M\u00e9xico en la capital de Oaxaca se apoderaron de la sede estatal, para denunciar imposiciones en candidaturas, por parte del comit\u00e9 que encabeza Jos\u00e9 Antonio Estefan Guillesen.<\/p>\n\n\n\n<p>La dirigencia es \u201cindolente, falto de tacto, falto de sensibilidad; alto a la imposici\u00f3n, basta ya a la simulaci\u00f3n y sobre todo a la falta de respeto al trabajo de la militancia\u201d, afirm\u00f3 el presidente del comit\u00e9 municipal, Eduardo Reyes Santiago, quien reiter\u00f3 su inter\u00e9s de buscar la presidencia municipal capitalina bajo ese partido.<\/p>\n\n\n\n<p>Asimismo, rechaz\u00f3 la alianza con otros partidos, incluyendo su otrora aliado, el Revolucionario Institucional, pues consider\u00f3 que el PVEM debe impulsar a sus propios aspirantes.<\/p>\n\n\n\n<figure class=\"wp-block-embed-twitter wp-block-embed is-type-rich is-provider-twitter\"><div class=\"wp-block-embed__wrapper\">\n<div class=\"twitter-tweet\"><blockquote class=\"twitter-tweet\" data-lang=\"es\"><p lang=\"es\" dir=\"ltr\"><a href=\"https:\/\/twitter.com\/hashtag\/%C3%9AltimoMinuto?src=hash&amp;ref_src=twsrc%5Etfw\">#\u00daltimoMinuto<\/a> <br>Este martes, el dirigente municipal del PVEM, <a href=\"https:\/\/twitter.com\/Abogado_Reyes?ref_src=twsrc%5Etfw\">@Abogado_Reyes<\/a>, reiter\u00f3 su intenci\u00f3n de buscar la candidatura a la presidencia municipal capitalina; reproch\u00f3 la indolencia y \u201centreguismo\u201d del dirigente estatal, <a href=\"https:\/\/twitter.com\/PepeEstefanG?ref_src=twsrc%5Etfw\">@PepeEstefanG<\/a>. <a href=\"https:\/\/t.co\/WVE7HtbXnA\">pic.twitter.com\/WVE7HtbXnA<\/a><\/p>&mdash; Zona Roja Oaxaca (@Zona_Roja_Oax) <a href=\"https:\/\/twitter.com\/Zona_Roja_Oax\/status\/1369455870904516608?ref_src=twsrc%5Etfw\">10 de marzo de 2021<\/a><\/blockquote><\/div>\n<\/div><\/figure>\n\n\n\n<p>\u201cSigo firme en el tema, no vamos a declinar, no vamos a entregar el trabajo que hacen todos; el liderazgo de las colonias tiene que ser escuchado. Hago un llamado a la dirigencia estatal, estamos abiertos al di\u00e1logo, somos gente e trabajo, que se ha partido el alma.<\/p>\n\n\n\n<p>\u00abLlevamos m\u00e1s de dos a\u00f1os trabajando con esta dirigencia municipal, no lo vamos a vender, no lo vamos a entregar. El compromiso fue que abander\u00e1ramos la candidatura a la presidencia de Oaxaca de Ju\u00e1rez\u201d, remarc\u00f3 durante un mensaje.<\/p>\n\n\n\n<p>Reyes Santiago pidi\u00f3 al comit\u00e9 ejecutivo estatal cumpla su palabra y el compromiso que se hizo.<\/p>\n\n\n\n<p>\u201cQue se nos d\u00e9 el registro de manera oficial, para que la planilla que se present\u00f3 sea la que contienda por Oaxaca de Ju\u00e1rez. Ya lo manifestamos, no vamos a ir solos, no vamos a ser comparsa de nadie, no vamos a pactar con nadie\u201d, dijo.<\/p>\n\n\n\n<p>\u201cSi es as\u00ed, vamos a seguir en esta casa\u201d, sentenci\u00f3, al recalcar que la \u201ctoma\u201d de oficinas se llev\u00f3 a cabo de manera pac\u00edfica, sin da\u00f1os ni vandalismo.<\/p>\n","protected":false},"excerpt":{"rendered":"<p>Redacci\u00f3n\/Zona Roja. Oaxaca de Ju\u00e1rez, Oax., 9 de marzo de 2021.- Militantes del Partido Verde&hellip;<\/p>\n","protected":false},"author":2,"featured_media":24490,"comment_status":"closed","ping_status":"open","sticky":false,"template":"","format":"standard","meta":{"_lmt_disableupdate":"","_lmt_disable":"","_jetpack_memberships_contains_paid_content":false,"footnotes":""},"categories":[109,46],"tags":[2435],"class_list":["post-24489","post","type-post","status-publish","format-standard","has-post-thumbnail","hentry","category-minuto-a-minuto","category-zona-blanca","tag-eduardo-reyes-santiago"],"jetpack_featured_media_url":"https:\/\/zonaroja.com.mx\/wp-content\/uploads\/2021\/03\/Partido-Verde-protesta.jpg","jetpack_sharing_enabled":true,"_links":{"self":[{"href":"https:\/\/zonaroja.com.mx\/index.php?rest_route=\/wp\/v2\/posts\/24489","targetHints":{"allow":["GET"]}}],"collection":[{"href":"https:\/\/zonaroja.com.mx\/index.php?rest_route=\/wp\/v2\/posts"}],"about":[{"href":"https:\/\/zonaroja.com.mx\/index.php?rest_route=\/wp\/v2\/types\/post"}],"author":[{"embeddable":true,"href":"https:\/\/zonaroja.com.mx\/index.php?rest_route=\/wp\/v2\/users\/2"}],"replies":[{"embeddable":true,"href":"https:\/\/zonaroja.com.mx\/index.php?rest_route=%2Fwp%2Fv2%2Fcomments&post=24489"}],"version-history":[{"count":1,"href":"https:\/\/zonaroja.com.mx\/index.php?rest_route=\/wp\/v2\/posts\/24489\/revisions"}],"predecessor-version":[{"id":24491,"href":"https:\/\/zonaroja.com.mx\/index.php?rest_route=\/wp\/v2\/posts\/24489\/revisions\/24491"}],"wp:featuredmedia":[{"embeddable":true,"href":"https:\/\/zonaroja.com.mx\/index.php?rest_route=\/wp\/v2\/media\/24490"}],"wp:attachment":[{"href":"https:\/\/zonaroja.com.mx\/index.php?rest_route=%2Fwp%2Fv2%2Fmedia&parent=24489"}],"wp:term":[{"taxonomy":"category","embeddable":true,"href":"https:\/\/zonaroja.com.mx\/index.php?rest_route=%2Fwp%2Fv2%2Fcategories&post=24489"},{"taxonomy":"post_tag","embeddable":true,"href":"https:\/\/zonaroja.com.mx\/index.php?rest_route=%2Fwp%2Fv2%2Ftags&post=24489"}],"curies":[{"name":"wp","href":"https:\/\/api.w.org\/{rel}","templated":true}]}}