{"id":24492,"date":"2021-03-09T22:08:55","date_gmt":"2021-03-10T04:08:55","guid":{"rendered":"http:\/\/www.zonaroja.com.mx\/?p=24492"},"modified":"2021-03-09T22:09:02","modified_gmt":"2021-03-10T04:09:02","slug":"rebasa-oaxaca-los-tres-mil-fallecidos-por-covid-19","status":"publish","type":"post","link":"https:\/\/zonaroja.com.mx\/?p=24492","title":{"rendered":"Rebasa Oaxaca los tres mil fallecidos por Covid-19"},"content":{"rendered":"\n<p>Redacci\u00f3n\/Zona Roja.<\/p>\n\n\n\n<p>Oaxaca de Ju\u00e1rez, Oax. 9 de marzo de 2021.- Al corte epidemiol\u00f3gico de este martes 9 de marzo, los Servicios de Salud de Oaxaca (SSO) tienen registrados 117 casos nuevos de Covid-19, distribuidos en 42 municipios, sumando 41 mil 782 casos acumulados; hay nueve nuevas defunciones que contabilizan 3 mil 008 acumuladas.<\/p>\n\n\n\n<p>En un bolet\u00edn de prensa, la instituci\u00f3n detall\u00f3 que se han notificado 65 mil 651 casos de los cuales 19 mil 221 han sido negativos, hay cuatro mil 648 sospechosos, 38 mil 064 se han recuperado, y 710 son casos activos.<\/p>\n\n\n\n<p>Inform\u00f3 que la Jurisdicci\u00f3n Sanitaria n\u00famero uno Valles Centrales registra 28 mil 717 casos confirmados y mil 601 defunciones, Istmo tres mil 444 y 489 decesos, Tuxtepec dos mil 612 y 318 muertes, Costa dos mil 058 y 200 p\u00e9rdidas humanas, Mixteca tres mil 506 y 277 fallecimientos y la Sierra mil 445 y 123 defunciones.<\/p>\n\n\n\n<p>Los 117 casos nuevos se distribuyen en 42 municipios, siendo los que mayor n\u00famero presentan el de Oaxaca de Ju\u00e1rez con 21, Santa Cruz Xoxocotl\u00e1n y Tlacolula de Matamoros siete, Santa Luc\u00eda del Camino seis; San Sebasti\u00e1n Tutla, San Antonio de Cal y Salina Cruz cinco cada uno; Miahuatl\u00e1n de Porfirio D\u00edaz, Villa de Zaachila, San Juan Bautista Tuxtepec y Ciudad Ixtepec cuatro cada uno; el resto tres, dos y un caso.<\/p>\n\n\n\n<figure class=\"wp-block-embed-twitter wp-block-embed is-type-rich is-provider-twitter\"><div class=\"wp-block-embed__wrapper\">\n<div class=\"twitter-tweet\"><blockquote class=\"twitter-tweet\" data-lang=\"es\"><p lang=\"es\" dir=\"ltr\"><a href=\"https:\/\/twitter.com\/hashtag\/%C3%9AltimoMinuto?src=hash&amp;ref_src=twsrc%5Etfw\">#\u00daltimoMinuto<\/a><br>En <a href=\"https:\/\/twitter.com\/hashtag\/Oaxaca?src=hash&amp;ref_src=twsrc%5Etfw\">#Oaxaca<\/a>, de acuerdo con los Servicios de Salud, se registraron 117 casos positivos a Covid, para un total de 41 mil 782 casos confirmados. Tambi\u00e9n, nueve fallecimientos, para una suma de tres mil ocho decesos; hay siete hospitales saturados.<a href=\"https:\/\/twitter.com\/hashtag\/Qu%C3%A9dateEnCasaYa?src=hash&amp;ref_src=twsrc%5Etfw\">#Qu\u00e9dateEnCasaYa<\/a> <a href=\"https:\/\/t.co\/zToXgwK9rM\">pic.twitter.com\/zToXgwK9rM<\/a><\/p>&mdash; Zona Roja Oaxaca (@Zona_Roja_Oax) <a href=\"https:\/\/twitter.com\/Zona_Roja_Oax\/status\/1369476633774620672?ref_src=twsrc%5Etfw\">10 de marzo de 2021<\/a><\/blockquote><\/div>\n<\/div><\/figure>\n\n\n\n<p>Dijo que de las tres mil 008 defunciones el grupo de edad m\u00e1s afectado es del 65 y m\u00e1s a\u00f1os, seguido de 50 a 59 y 60 a 64 a\u00f1os con mil 403, 688 y 439 respectivamente. Por sexo, mil 955 han sido hombres y mil 053 mujeres; las comorbilidades asociadas son la hipertensi\u00f3n arterial, seguido de diabetes, obesidad e insuficiencia renal.<\/p>\n\n\n\n<p>Detall\u00f3 que en relaci\u00f3n a la ocupaci\u00f3n hospitalaria hay, siete hospitales al 100% de ocupaci\u00f3n, lo que representa el 52.5% global, hay 320 camas ocupadas, 289 disponibles de un total de 609.<\/p>\n\n\n\n<p>Finalmente, expuso que existen seis centros de valoraci\u00f3n de primer contacto en la zona conurbada, entre ellos: el hospital general de zona n\u00famero 1 del Instituto Mexicano del Seguro Social (IMSS), el hospital Presidente Ju\u00e1rez del Instituto de Seguridad y Servicios Sociales de los Trabajadores del Estado (ISSSTE), el Hospital General \u201cDr. Aurelio Valdivieso\u201d, el Centro de Salud urbano uno, el hospital m\u00f3vil, y el Hospital Regional de Alta Especialidad de Oaxaca.<\/p>\n","protected":false},"excerpt":{"rendered":"<p>Redacci\u00f3n\/Zona Roja. Oaxaca de Ju\u00e1rez, Oax. 9 de marzo de 2021.- Al corte epidemiol\u00f3gico de&hellip;<\/p>\n","protected":false},"author":2,"featured_media":24493,"comment_status":"closed","ping_status":"open","sticky":false,"template":"","format":"standard","meta":{"_lmt_disableupdate":"","_lmt_disable":"","_jetpack_memberships_contains_paid_content":false,"footnotes":""},"categories":[109,47],"tags":[1512],"class_list":["post-24492","post","type-post","status-publish","format-standard","has-post-thumbnail","hentry","category-minuto-a-minuto","category-zona-gris","tag-coronavirus-oaxaca"],"jetpack_featured_media_url":"https:\/\/zonaroja.com.mx\/wp-content\/uploads\/2021\/03\/SSO-3-3.jpeg","jetpack_sharing_enabled":true,"_links":{"self":[{"href":"https:\/\/zonaroja.com.mx\/index.php?rest_route=\/wp\/v2\/posts\/24492","targetHints":{"allow":["GET"]}}],"collection":[{"href":"https:\/\/zonaroja.com.mx\/index.php?rest_route=\/wp\/v2\/posts"}],"about":[{"href":"https:\/\/zonaroja.com.mx\/index.php?rest_route=\/wp\/v2\/types\/post"}],"author":[{"embeddable":true,"href":"https:\/\/zonaroja.com.mx\/index.php?rest_route=\/wp\/v2\/users\/2"}],"replies":[{"embeddable":true,"href":"https:\/\/zonaroja.com.mx\/index.php?rest_route=%2Fwp%2Fv2%2Fcomments&post=24492"}],"version-history":[{"count":1,"href":"https:\/\/zonaroja.com.mx\/index.php?rest_route=\/wp\/v2\/posts\/24492\/revisions"}],"predecessor-version":[{"id":24494,"href":"https:\/\/zonaroja.com.mx\/index.php?rest_route=\/wp\/v2\/posts\/24492\/revisions\/24494"}],"wp:featuredmedia":[{"embeddable":true,"href":"https:\/\/zonaroja.com.mx\/index.php?rest_route=\/wp\/v2\/media\/24493"}],"wp:attachment":[{"href":"https:\/\/zonaroja.com.mx\/index.php?rest_route=%2Fwp%2Fv2%2Fmedia&parent=24492"}],"wp:term":[{"taxonomy":"category","embeddable":true,"href":"https:\/\/zonaroja.com.mx\/index.php?rest_route=%2Fwp%2Fv2%2Fcategories&post=24492"},{"taxonomy":"post_tag","embeddable":true,"href":"https:\/\/zonaroja.com.mx\/index.php?rest_route=%2Fwp%2Fv2%2Ftags&post=24492"}],"curies":[{"name":"wp","href":"https:\/\/api.w.org\/{rel}","templated":true}]}}