{"id":24501,"date":"2021-03-10T07:27:03","date_gmt":"2021-03-10T13:27:03","guid":{"rendered":"http:\/\/www.zonaroja.com.mx\/?p=24501"},"modified":"2021-03-10T07:27:07","modified_gmt":"2021-03-10T13:27:07","slug":"en-medio-de-proceso-electoral-indispensable-dejar-de-normalizar-violencia-politica","status":"publish","type":"post","link":"https:\/\/zonaroja.com.mx\/?p=24501","title":{"rendered":"En medio de proceso electoral, indispensable dejar de normalizar violencia pol\u00edtica"},"content":{"rendered":"\n<p>Redacci\u00f3n\/Zona Roja.<\/p>\n\n\n\n<p>Oaxaca de Ju\u00e1rez, Oax., 10 de marzo de 2021.- En medio de un proceso electoral, denominado como uno de los m\u00e1s grande en el pa\u00eds, se hace indispensable hablar de la violencia pol\u00edtica en raz\u00f3n de g\u00e9nero, con la intenci\u00f3n de desnaturalizarla y por el contrario prevenirla, atenderla y sancionarla como lo establecen las leyes locales y nacionales.&nbsp;<\/p>\n\n\n\n<p>As\u00ed lo expuso Jaquelina Escamilla Villanueva en entrevista con Evlin Arag\u00f3n en el podcast \u201cOla Violeta\u201d, iniciativa independiente que vio la luz este 8 de marzo, D\u00eda Internacional de la Mujer, y que busca dar a conocer los temas vigentes en la agenda feminista en Oaxaca.&nbsp;<\/p>\n\n\n\n<p>Para la ex funcionaria municipal todav\u00eda, pese a las reformas en materia de paridad pol\u00edtica, hay regidoras, s\u00edndica y presidentas municipales que no pueden ejercer su cargo, toda vez que hay hombres que a\u00fan argumentan que no son capaces de llevar las riendas de una localidad, lo cual es completamente falso.&nbsp;<\/p>\n\n\n\n<p>\u201cHay una falta de respeto en torno al quehacer de las mujeres en la pol\u00edtica que no ya no debe permitirse, no s\u00f3lo porque configura un delito sino porque reproducen la discriminaci\u00f3n y violencia en contra de quienes buscan ejercer su derecho a la participaci\u00f3n pol\u00edtica\u201d, dijo.&nbsp;<\/p>\n\n\n\n<p>Para Escamilla Villanueva es importante no quitar el dedo del rengl\u00f3n, ya que no ser\u00e1 sorpresa que como en otras ocasiones los partidos argumenten que no hay cuadros \u2013femeninos- para encabezar candidaturas o peor a\u00fan que ocupen cualquier otra argucia para impedir la participaci\u00f3n de las mujeres de manera paritaria.&nbsp;<\/p>\n\n\n\n<p>\u201cSomos las mujeres las que, en su mayor\u00eda, arropamos los actos pol\u00edticos, quienes salimos a pedir el voto, recorriendo las colonias, haciendo conciencia de la importancia de votar, sin embargo, a la hora de acceder al poder argumentan a su juicio que no abemos mujeres\u201d.&nbsp;&nbsp;<\/p>\n\n\n\n<p>A ellas pidi\u00f3 alzar la voz, defender sus derechos y no permitir m\u00e1s violencia pol\u00edtica en contra de m\u00e1s de la mitad de la poblaci\u00f3n en todo el pa\u00eds; mientras que demand\u00f3 a la sociedad en general dejar de normalizar los actos que denigren, discrimine y afecten la integridad de las mujeres, as\u00ed como exigir el respeto de las mismas.&nbsp;<\/p>\n\n\n\n<p>De acuerdo con Escamilla Villanueva, las sanciones en torno a la violencia pol\u00edtica en raz\u00f3n de g\u00e9nero deben ampliarse y llegar a las funcionarias que son invitadas a participar en el servicio p\u00fablico en alguna dependencia municipal, estatal y federal, ya que muchas veces son violentada por los pol\u00edticos al frente de los puestos de representaci\u00f3n popular.&nbsp;<\/p>\n\n\n\n<p>Y es que record\u00f3 que, al momento que enfrent\u00f3 la violencia ejercida por edil de Oaxaca de Ju\u00e1rez, Oswaldo Garc\u00eda Jarqu\u00edn, el argumento emitido por los tribunales electorales fue que no se configuraba el delito promovido, ya que ella no fue electa por representaci\u00f3n popular.<\/p>\n\n\n\n<p>\u201cOLA VIOLETA\u201d<\/p>\n\n\n\n<p>\u00abOla Violeta\u00bb es un podcast independiente que busca promover el di\u00e1logo, la reflexi\u00f3n y el debate en torno a los temas, situaciones y problem\u00e1ticas que ata\u00f1en a las mujeres en la entidad oaxaque\u00f1a y en todo pa\u00eds.&nbsp;<\/p>\n\n\n\n<p>Durante esta primera temporada, cada uno de los episodios abordar\u00e1n los temas vigentes en la agenda feminista como son: los feminicidios, la despenalizaci\u00f3n del aborto, la participaci\u00f3n pol\u00edtica de las mujeres, la violencia pol\u00edtica en raz\u00f3n de g\u00e9nero, entre otros.&nbsp;<\/p>\n\n\n\n<p>Cada episodio tiene una duraci\u00f3n aproximada de una hora, est\u00e1 conducido por Evlin Arag\u00f3n y producido por Julio \u00d3scar Tolentino. Actualmente ya se encuentra en las principales plataformas de m\u00fasica por internet como Spotify, Deezer, Amazon Music, Apple y Google Podcast, entre otros.<\/p>\n","protected":false},"excerpt":{"rendered":"<p>Redacci\u00f3n\/Zona Roja. Oaxaca de Ju\u00e1rez, Oax., 10 de marzo de 2021.- En medio de un&hellip;<\/p>\n","protected":false},"author":2,"featured_media":24502,"comment_status":"closed","ping_status":"open","sticky":false,"template":"","format":"standard","meta":{"_lmt_disableupdate":"","_lmt_disable":"","_jetpack_memberships_contains_paid_content":false,"footnotes":""},"categories":[109,46],"tags":[2514],"class_list":["post-24501","post","type-post","status-publish","format-standard","has-post-thumbnail","hentry","category-minuto-a-minuto","category-zona-blanca","tag-evlin-aragon"],"jetpack_featured_media_url":"https:\/\/zonaroja.com.mx\/wp-content\/uploads\/2021\/03\/Evlin-Aragon.jpg","jetpack_sharing_enabled":true,"_links":{"self":[{"href":"https:\/\/zonaroja.com.mx\/index.php?rest_route=\/wp\/v2\/posts\/24501","targetHints":{"allow":["GET"]}}],"collection":[{"href":"https:\/\/zonaroja.com.mx\/index.php?rest_route=\/wp\/v2\/posts"}],"about":[{"href":"https:\/\/zonaroja.com.mx\/index.php?rest_route=\/wp\/v2\/types\/post"}],"author":[{"embeddable":true,"href":"https:\/\/zonaroja.com.mx\/index.php?rest_route=\/wp\/v2\/users\/2"}],"replies":[{"embeddable":true,"href":"https:\/\/zonaroja.com.mx\/index.php?rest_route=%2Fwp%2Fv2%2Fcomments&post=24501"}],"version-history":[{"count":1,"href":"https:\/\/zonaroja.com.mx\/index.php?rest_route=\/wp\/v2\/posts\/24501\/revisions"}],"predecessor-version":[{"id":24503,"href":"https:\/\/zonaroja.com.mx\/index.php?rest_route=\/wp\/v2\/posts\/24501\/revisions\/24503"}],"wp:featuredmedia":[{"embeddable":true,"href":"https:\/\/zonaroja.com.mx\/index.php?rest_route=\/wp\/v2\/media\/24502"}],"wp:attachment":[{"href":"https:\/\/zonaroja.com.mx\/index.php?rest_route=%2Fwp%2Fv2%2Fmedia&parent=24501"}],"wp:term":[{"taxonomy":"category","embeddable":true,"href":"https:\/\/zonaroja.com.mx\/index.php?rest_route=%2Fwp%2Fv2%2Fcategories&post=24501"},{"taxonomy":"post_tag","embeddable":true,"href":"https:\/\/zonaroja.com.mx\/index.php?rest_route=%2Fwp%2Fv2%2Ftags&post=24501"}],"curies":[{"name":"wp","href":"https:\/\/api.w.org\/{rel}","templated":true}]}}