{"id":24504,"date":"2021-03-10T07:46:08","date_gmt":"2021-03-10T13:46:08","guid":{"rendered":"http:\/\/www.zonaroja.com.mx\/?p=24504"},"modified":"2021-03-10T07:46:11","modified_gmt":"2021-03-10T13:46:11","slug":"opinion-mayoria-constitucional","status":"publish","type":"post","link":"https:\/\/zonaroja.com.mx\/?p=24504","title":{"rendered":"Opini\u00f3n. Mayor\u00eda constitucional"},"content":{"rendered":"\n<p>Gibr\u00e1n Ram\u00edrez Reyes*.<\/p>\n\n\n\n<p>No cabe duda de que la tarea de Morena para el futuro ser\u00e1 construir una nueva comunidad pol\u00edtica donde quepan todos y las voces que representan leg\u00edtimamente a ricos pobres y clases medias lleguen a nuevos acuerdos para gestionar la pluralidad, respetando el peso de cada uno de estos sectores en democracia, en una sociedad tan desigual y tan pobre como la nuestra. Quiz\u00e1 ese momento sea el de la consolidaci\u00f3n de un nuevo sistema de partidos.<\/p>\n\n\n\n<p>Pero todo indica que falta alg\u00fan tiempo para que eso sea posible. La condici\u00f3n previa necesaria es que el bloque hist\u00f3rico derrotado, el del PRI, PAN, PRD, los intelectuales y la clase pol\u00edtica de la transici\u00f3n, acepten su derrota, la nueva correlaci\u00f3n de fuerzas y lleguen a acuerdos de convivencia con la nueva mayor\u00eda social y pol\u00edtica.<\/p>\n\n\n\n<p>No sucede eso ahora, cuando los partidos de la oposici\u00f3n act\u00faan como si el triunfo de L\u00f3pez Obrador hubiera sido circunstancial, como si fuera una pesadilla de la que est\u00e1n por despertarse.<\/p>\n\n\n\n<p>Se trata de un sentimiento que comparte buena parte de la elite econ\u00f3mica. Lo festejaba as\u00ed hace poco Lourdes Mendoza, quien fue se\u00f1alada en la declaraci\u00f3n de Emilio Lozoya por recibir favores y cortejos del poder como bolsos de Chanel y beneficios econ\u00f3micos: \u201cfinalmente, al preguntarles a los inversionistas si creen que Morena mantendr\u00e1 252 esca\u00f1os o m\u00e1s en el Congreso de cara a las elecciones del 6 de junio \u2013redoble de tambores, luces que se prenden y apagan en el escenario\u2013, 74 por ciento dijo que no y 26 por ciento que s\u00ed\u201d.<\/p>\n\n\n\n<p>Lo mismo ocurri\u00f3 al cuestion\u00e1rseles sobre si los partidos aliados como PT, PES y PVEM mantendr\u00e1n sus 81 esca\u00f1os, pues 64 por ciento contest\u00f3 que no y 36 por ciento que s\u00ed.<\/p>\n\n\n\n<p>\u201c\u00a1Qui\u00faboles!\u201d. Se presenta la desconexi\u00f3n de las elites como si fuera algo para celebrar. Eso, y la enorme brecha que hay entre nuestra opini\u00f3n p\u00fablica y la publicada hacen imposible que ese nuevo acuerdo republicano, esa nueva normalidad pol\u00edtica, sean por ahora algo m\u00e1s que un prop\u00f3sito a mediano plazo. A la voluntad de sabotaje y la mala fe, s\u00f3lo puede seguir el refrendo de la victoria pol\u00edtica en los mismos t\u00e9rminos.<\/p>\n\n\n\n<p>En otro pa\u00eds, el pa\u00eds pol\u00edtico \u2014casi en otro planeta\u2014, Mar\u00eda Amparo Casar dice que \u201csi empezamos a ver encuestas que no van a favorecer a Morena, en un escenario de pandemia como el que se viene encima, yo me pregunto si no se va a empezar a discutir al interior del gobierno una cancelaci\u00f3n, por primera vez en la historia de M\u00e9xico, de las elecciones de junio, y ah\u00ed tenemos que empezar a preparar los escenarios\u201d.<\/p>\n\n\n\n<p>En el pa\u00eds nacional, reporta Buend\u00eda y M\u00e1rquez, las proyecciones dan a Morena 260 diputados federales, al PT 44 y al Verde 39, es decir, n\u00fameros superiores a una mayor\u00eda constitucional, en la misma cancha y con las mismas reglas del r\u00e9gimen de la transici\u00f3n. Ese es el M\u00e9xico de hoy, donde el PT vale pr\u00e1cticamente lo mismo que el PRI, aunque para los medios sigan siendo magnitudes muy distintas.<\/p>\n\n\n\n<p>Aparte: Escrib\u00ed aqu\u00ed, la semana pasada, una cr\u00edtica a la falta de planteamientos estructurales de gobierno de Alejandro Murat y expliqu\u00e9 su buena prensa por el control paternal de los medios. La respuesta fue una columna reciclando injurias desde un medio vinculado a su pap\u00e1. Qu\u00e9 sorpresa. A confesi\u00f3n de parte, relevo de pruebas.<\/p>\n\n\n\n<ul class=\"wp-block-list\"><li>Doctor en Ciencia Pol\u00edtica por la UNAM.<\/li><\/ul>\n","protected":false},"excerpt":{"rendered":"<p>Gibr\u00e1n Ram\u00edrez Reyes*. No cabe duda de que la tarea de Morena para el futuro&hellip;<\/p>\n","protected":false},"author":2,"featured_media":24099,"comment_status":"closed","ping_status":"open","sticky":false,"template":"","format":"standard","meta":{"_lmt_disableupdate":"","_lmt_disable":"","_jetpack_memberships_contains_paid_content":false,"footnotes":""},"categories":[456,109],"tags":[2489],"class_list":["post-24504","post","type-post","status-publish","format-standard","has-post-thumbnail","hentry","category-columna","category-minuto-a-minuto","tag-gibran-ramirez-reyes"],"jetpack_featured_media_url":"https:\/\/zonaroja.com.mx\/wp-content\/uploads\/2021\/02\/Gibran-Ramirez-Reyes.jpg","jetpack_sharing_enabled":true,"_links":{"self":[{"href":"https:\/\/zonaroja.com.mx\/index.php?rest_route=\/wp\/v2\/posts\/24504","targetHints":{"allow":["GET"]}}],"collection":[{"href":"https:\/\/zonaroja.com.mx\/index.php?rest_route=\/wp\/v2\/posts"}],"about":[{"href":"https:\/\/zonaroja.com.mx\/index.php?rest_route=\/wp\/v2\/types\/post"}],"author":[{"embeddable":true,"href":"https:\/\/zonaroja.com.mx\/index.php?rest_route=\/wp\/v2\/users\/2"}],"replies":[{"embeddable":true,"href":"https:\/\/zonaroja.com.mx\/index.php?rest_route=%2Fwp%2Fv2%2Fcomments&post=24504"}],"version-history":[{"count":1,"href":"https:\/\/zonaroja.com.mx\/index.php?rest_route=\/wp\/v2\/posts\/24504\/revisions"}],"predecessor-version":[{"id":24505,"href":"https:\/\/zonaroja.com.mx\/index.php?rest_route=\/wp\/v2\/posts\/24504\/revisions\/24505"}],"wp:featuredmedia":[{"embeddable":true,"href":"https:\/\/zonaroja.com.mx\/index.php?rest_route=\/wp\/v2\/media\/24099"}],"wp:attachment":[{"href":"https:\/\/zonaroja.com.mx\/index.php?rest_route=%2Fwp%2Fv2%2Fmedia&parent=24504"}],"wp:term":[{"taxonomy":"category","embeddable":true,"href":"https:\/\/zonaroja.com.mx\/index.php?rest_route=%2Fwp%2Fv2%2Fcategories&post=24504"},{"taxonomy":"post_tag","embeddable":true,"href":"https:\/\/zonaroja.com.mx\/index.php?rest_route=%2Fwp%2Fv2%2Ftags&post=24504"}],"curies":[{"name":"wp","href":"https:\/\/api.w.org\/{rel}","templated":true}]}}