{"id":24510,"date":"2021-03-10T08:14:45","date_gmt":"2021-03-10T14:14:45","guid":{"rendered":"http:\/\/www.zonaroja.com.mx\/?p=24510"},"modified":"2021-03-10T08:14:48","modified_gmt":"2021-03-10T14:14:48","slug":"y-en-donde-esta-el-zar-de-la-lucha-contra-el-covid-en-mexico","status":"publish","type":"post","link":"https:\/\/zonaroja.com.mx\/?p=24510","title":{"rendered":"\u00bfY en d\u00f3nde est\u00e1 el zar de la lucha contra el Covid en M\u00e9xico?"},"content":{"rendered":"\n<p>Redacci\u00f3n\/Zona Roja.<\/p>\n\n\n\n<p>Oaxaca de Ju\u00e1rez, Oax., 10 de marzo de 2021.- Mientras el Presidente Andr\u00e9s Manuel L\u00f3pez Obrador s\u00f3lo requiri\u00f3 una semana para recuperarse del Covid-19, el subsecretario de Salud del gobierno federal, Hugo L\u00f3pez-Gatell, no ha dado se\u00f1ales p\u00fablicas desde el 20 de febrero.<\/p>\n\n\n\n<p>Ayer, en la conferencia vespertina de la Secretar\u00eda de Salud, un reportero pidi\u00f3 una prueba de vida del zar anticovid, lo cual fue negado por la autoridad.<\/p>\n\n\n\n<p>Apenas este lunes, Jos\u00e9 Luis Alom\u00eda detall\u00f3 que L\u00f3pez-Gatell presenta el s\u00edndrome post-Covid, el cual se refleja en la fatiga y el cansancio constante.<\/p>\n\n\n\n<p>El pasado 20 de febrero el funcionario de salud confirm\u00f3 su contagio de Covid-19, desde entonces no ha aparecido en ning\u00fan informe o video conferencia.<\/p>\n\n\n\n<p>\u201cLos s\u00edntomas o manifestaciones que tiene en este momento son los congruentes a un s\u00edndrome post-Covid, que es cuando la persona ya est\u00e1 en fase de recuperaci\u00f3n, donde la fatiga y el cansancio pueden estar presentes\u201d, aclar\u00f3 el director de epidemiolog\u00eda.<\/p>\n\n\n\n<p>Previo a conocer el informe de la SSa, hubo rumores sobre la hospitalizaci\u00f3n del acad\u00e9mico L\u00f3pez-Gatell.<\/p>\n\n\n\n<p>El 28 de febrero, Ruy L\u00f3pez Ridaura, director general del Centro Nacional de Programas Preventivos y Control de Enfermedades dijo que el subsecretario fue llevado a un nosocomio para brindarle atenci\u00f3n especializada y evitar complicaciones graves de la enfermedad.<\/p>\n\n\n\n<p>Para desmentir las especulaciones, el mismo Hugo L\u00f3pez-Gatell escribi\u00f3 una carta dirigida al peri\u00f3dico \u201cLa Jornada\u201d, donde apunt\u00f3 que se encontraba bien y que solo recibi\u00f3 atenci\u00f3n preventiva especializada, comparti\u00f3 sus niveles de saturaci\u00f3n que se encontraban en los rangos normales.<\/p>\n\n\n\n<p>Ayer, durante el informe t\u00e9cnico de coronavirus en M\u00e9xico, un reportero cuestion\u00f3 al director General del Centro Nacional de Programas Preventivos y Control de Enfermedades, Ruy L\u00f3pez Ridaura:<\/p>\n\n\n\n<p>&#8211;En el caso del subsecretario Hugo L\u00f3pez-Gatell cu\u00e1l es su estado de salud, le comento que se han manejado versiones en internet de que se\u00f1alan que no est\u00e1 bien, se\u00f1alan pr\u00e1cticamente que no ha aparecido de manera virtual, aludiendo de que est\u00e1 delicado. \u00bfHabr\u00e1 la posibilidad de que al menos, como dicen en las redes, den unas pruebas de vida del doctor, que est\u00e1 bien?, se oye gracioso pero si viera uno todo lo que hay en redes, es un bombardeo y una infodemia que crea mucha incertidumbre.<\/p>\n\n\n\n<p>&#8211;No es necesario presentar una prueba de vida del subsecretario, puesto se encuentra asintom\u00e1tico con deseos de empezar participaciones virtuales en la conferencia, y estimo que en esta semana probablemente realice apariciones presenciales.<\/p>\n\n\n\n<p>\u201cNo creo que sea necesario una prueba de vida, el doctor L\u00f3pez-Gatell est\u00e1 ahora s\u00ed asintom\u00e1tico, totalmente recuperado, cien por ciento, ya est\u00e1 con muchos deseos de salir, con muchos deseos de tambi\u00e9n por lo menos empezar participaciones virtuales, y es muy probable que a partir de ma\u00f1ana empiece ya en sesiones virtuales, y espero yo pronto, igual en esta misma semana, con apariciones presenciales\u201d, dijo L\u00f3pez Ridaura.<\/p>\n","protected":false},"excerpt":{"rendered":"<p>Redacci\u00f3n\/Zona Roja. Oaxaca de Ju\u00e1rez, Oax., 10 de marzo de 2021.- Mientras el Presidente Andr\u00e9s&hellip;<\/p>\n","protected":false},"author":2,"featured_media":14933,"comment_status":"closed","ping_status":"open","sticky":false,"template":"","format":"standard","meta":{"_lmt_disableupdate":"","_lmt_disable":"","_jetpack_memberships_contains_paid_content":false,"footnotes":""},"categories":[109,47],"tags":[1874],"class_list":["post-24510","post","type-post","status-publish","format-standard","has-post-thumbnail","hentry","category-minuto-a-minuto","category-zona-gris","tag-hugo-lopez-gatell"],"jetpack_featured_media_url":"https:\/\/zonaroja.com.mx\/wp-content\/uploads\/2020\/07\/Hugo-L\u00f3pez-Gatell.jpg","jetpack_sharing_enabled":true,"_links":{"self":[{"href":"https:\/\/zonaroja.com.mx\/index.php?rest_route=\/wp\/v2\/posts\/24510","targetHints":{"allow":["GET"]}}],"collection":[{"href":"https:\/\/zonaroja.com.mx\/index.php?rest_route=\/wp\/v2\/posts"}],"about":[{"href":"https:\/\/zonaroja.com.mx\/index.php?rest_route=\/wp\/v2\/types\/post"}],"author":[{"embeddable":true,"href":"https:\/\/zonaroja.com.mx\/index.php?rest_route=\/wp\/v2\/users\/2"}],"replies":[{"embeddable":true,"href":"https:\/\/zonaroja.com.mx\/index.php?rest_route=%2Fwp%2Fv2%2Fcomments&post=24510"}],"version-history":[{"count":1,"href":"https:\/\/zonaroja.com.mx\/index.php?rest_route=\/wp\/v2\/posts\/24510\/revisions"}],"predecessor-version":[{"id":24511,"href":"https:\/\/zonaroja.com.mx\/index.php?rest_route=\/wp\/v2\/posts\/24510\/revisions\/24511"}],"wp:featuredmedia":[{"embeddable":true,"href":"https:\/\/zonaroja.com.mx\/index.php?rest_route=\/wp\/v2\/media\/14933"}],"wp:attachment":[{"href":"https:\/\/zonaroja.com.mx\/index.php?rest_route=%2Fwp%2Fv2%2Fmedia&parent=24510"}],"wp:term":[{"taxonomy":"category","embeddable":true,"href":"https:\/\/zonaroja.com.mx\/index.php?rest_route=%2Fwp%2Fv2%2Fcategories&post=24510"},{"taxonomy":"post_tag","embeddable":true,"href":"https:\/\/zonaroja.com.mx\/index.php?rest_route=%2Fwp%2Fv2%2Ftags&post=24510"}],"curies":[{"name":"wp","href":"https:\/\/api.w.org\/{rel}","templated":true}]}}