{"id":24512,"date":"2021-03-10T16:17:20","date_gmt":"2021-03-10T22:17:20","guid":{"rendered":"http:\/\/www.zonaroja.com.mx\/?p=24512"},"modified":"2021-03-10T16:17:24","modified_gmt":"2021-03-10T22:17:24","slug":"pide-congreso-de-oaxaca-a-gobernador-destitucion-de-titular-de-sso","status":"publish","type":"post","link":"https:\/\/zonaroja.com.mx\/?p=24512","title":{"rendered":"Pide Congreso de Oaxaca a gobernador destituci\u00f3n de titular de SSO"},"content":{"rendered":"\n<p>Yuridiana Sosa\/Zona Roja.<\/p>\n\n\n\n<p>Oaxaca de Ju\u00e1rez, Oax., 10 de marzo de 2021.- La 64 Legislatura del Congreso de Oaxaca aprob\u00f3 hoy un exhorto al gobernador Alejandro Murat para que destituya a Juan Carlos M\u00e1rquez Heine como titular de los Servicios de Salud de Oaxaca, por presuntos desv\u00edos cuando estuvo al frente del Seguro Popular.<\/p>\n\n\n\n<p>Los diputados locales aprobaron con 19 votos a favor la propuesta del grupo parlamentario del Partido Morena, en la que se propone que el funcionario debe atender los se\u00f1alamientos de la Auditor\u00eda Superior de la Federaci\u00f3n (ASF) sin ocupar ning\u00fan cargo que pueda usar para librar el proceso.<\/p>\n\n\n\n<p>La diputada Elena Cuevas Hern\u00e1ndez, en representaci\u00f3n de la bancada, expuso en sesi\u00f3n ordinaria de Congreso que la ASF realiz\u00f3 observaciones importantes sobre la cuenta p\u00fablica 2019 que involucra al actual secretario de Salud de Oaxaca, en da\u00f1os al erario cuando encabez\u00f3 el R\u00e9gimen Estatal de Protecci\u00f3n Social en Salud, conocido como Seguro Popular.<\/p>\n\n\n\n<figure class=\"wp-block-embed-twitter wp-block-embed is-type-rich is-provider-twitter\"><div class=\"wp-block-embed__wrapper\">\n<div class=\"twitter-tweet\"><blockquote class=\"twitter-tweet\" data-lang=\"es\"><p lang=\"es\" dir=\"ltr\"><a href=\"https:\/\/twitter.com\/hashtag\/%C3%9AltimoMinuto?src=hash&amp;ref_src=twsrc%5Etfw\">#\u00daltimoMinuto<\/a> <br>El pleno del <a href=\"https:\/\/twitter.com\/CongresoOaxLXIV?ref_src=twsrc%5Etfw\">@CongresoOaxLXIV<\/a> aprob\u00f3 hoy un exhorto presentado por la fracci\u00f3n de Morena y dirigida al gobernador <a href=\"https:\/\/twitter.com\/alejandromurat?ref_src=twsrc%5Etfw\">@alejandromurat<\/a>, para que solicite la renuncia al titular de los <a href=\"https:\/\/twitter.com\/SSO_GobOax?ref_src=twsrc%5Etfw\">@SSO_GobOax<\/a>, <a href=\"https:\/\/twitter.com\/JC_MarquezH?ref_src=twsrc%5Etfw\">@JC_MarquezH<\/a>, a fin de que enfrente la investigaci\u00f3n de la <a href=\"https:\/\/twitter.com\/ASF_Mexico?ref_src=twsrc%5Etfw\">@ASF_Mexico<\/a>. <a href=\"https:\/\/t.co\/4StncUFyx7\">pic.twitter.com\/4StncUFyx7<\/a><\/p>&mdash; Zona Roja Oaxaca (@Zona_Roja_Oax) <a href=\"https:\/\/twitter.com\/Zona_Roja_Oax\/status\/1369744946874494976?ref_src=twsrc%5Etfw\">10 de marzo de 2021<\/a><\/blockquote><\/div>\n<\/div><\/figure>\n\n\n\n<p>La propuesta precis\u00f3 que: \u201cEn completo estado de responsabilidad social y pol\u00edtica, se debe separar el cargo al servidor p\u00fablico para que desahogue y concluya el proceso de fiscalizaci\u00f3n, solvente las observaciones o bien se le finque la responsabilidad que corresponda\u201d.<\/p>\n\n\n\n<p>En el informe de la Cuenta P\u00fablica 2019, la Auditor\u00eda Superior de la Federaci\u00f3n se\u00f1ala que en la Auditor\u00eda de Cumplimiento 2019-A-20000-19-1015-2020-1015-DS-GF, el R\u00e9gimen Estatal de Protecci\u00f3n Social en la Salud del Estado de Oaxaca con Juan Carlos M\u00e1rquez Heine, al frente, habr\u00eda afectado la Hacienda P\u00fablica Federal por un monto de 16 millones 81 mil 699.20 pesos.<\/p>\n\n\n\n<p>\u201cUna de las obligaciones de quienes administran recursos p\u00fablicos es rendir cuentas porque los recursos humanos, tecnol\u00f3gico y financieros de los que disponen provienen de los impuestos que la ciudadan\u00eda paga al Gobierno Federal, Estatal o Municipal y, por la misma raz\u00f3n existe una obligaci\u00f3n no s\u00f3lo legal sino moral para con los ciudadanos de explicar c\u00f3mo y en qu\u00e9 se invirtieron estos recursos\u201d cit\u00f3 el grupo parlamentario de Morena.<\/p>\n\n\n\n<p>La sesi\u00f3n ordinaria, que se reanud\u00f3 este mi\u00e9rcoles de manera presencia, en el patio del recinto legislativo, inici\u00f3 con 24 diputados y con la ausencia de la mayor\u00eda del diputados del PRI.<\/p>\n","protected":false},"excerpt":{"rendered":"<p>Yuridiana Sosa\/Zona Roja. Oaxaca de Ju\u00e1rez, Oax., 10 de marzo de 2021.- La 64 Legislatura&hellip;<\/p>\n","protected":false},"author":2,"featured_media":24513,"comment_status":"closed","ping_status":"open","sticky":false,"template":"","format":"standard","meta":{"_lmt_disableupdate":"","_lmt_disable":"","_jetpack_memberships_contains_paid_content":false,"footnotes":""},"categories":[109,46],"tags":[213],"class_list":["post-24512","post","type-post","status-publish","format-standard","has-post-thumbnail","hentry","category-minuto-a-minuto","category-zona-blanca","tag-64-legislatura-de-oaxaca"],"jetpack_featured_media_url":"https:\/\/zonaroja.com.mx\/wp-content\/uploads\/2021\/03\/Sesion-ordinaria-Congreso.jpg","jetpack_sharing_enabled":true,"_links":{"self":[{"href":"https:\/\/zonaroja.com.mx\/index.php?rest_route=\/wp\/v2\/posts\/24512","targetHints":{"allow":["GET"]}}],"collection":[{"href":"https:\/\/zonaroja.com.mx\/index.php?rest_route=\/wp\/v2\/posts"}],"about":[{"href":"https:\/\/zonaroja.com.mx\/index.php?rest_route=\/wp\/v2\/types\/post"}],"author":[{"embeddable":true,"href":"https:\/\/zonaroja.com.mx\/index.php?rest_route=\/wp\/v2\/users\/2"}],"replies":[{"embeddable":true,"href":"https:\/\/zonaroja.com.mx\/index.php?rest_route=%2Fwp%2Fv2%2Fcomments&post=24512"}],"version-history":[{"count":1,"href":"https:\/\/zonaroja.com.mx\/index.php?rest_route=\/wp\/v2\/posts\/24512\/revisions"}],"predecessor-version":[{"id":24514,"href":"https:\/\/zonaroja.com.mx\/index.php?rest_route=\/wp\/v2\/posts\/24512\/revisions\/24514"}],"wp:featuredmedia":[{"embeddable":true,"href":"https:\/\/zonaroja.com.mx\/index.php?rest_route=\/wp\/v2\/media\/24513"}],"wp:attachment":[{"href":"https:\/\/zonaroja.com.mx\/index.php?rest_route=%2Fwp%2Fv2%2Fmedia&parent=24512"}],"wp:term":[{"taxonomy":"category","embeddable":true,"href":"https:\/\/zonaroja.com.mx\/index.php?rest_route=%2Fwp%2Fv2%2Fcategories&post=24512"},{"taxonomy":"post_tag","embeddable":true,"href":"https:\/\/zonaroja.com.mx\/index.php?rest_route=%2Fwp%2Fv2%2Ftags&post=24512"}],"curies":[{"name":"wp","href":"https:\/\/api.w.org\/{rel}","templated":true}]}}