{"id":24515,"date":"2021-03-10T17:01:53","date_gmt":"2021-03-10T23:01:53","guid":{"rendered":"http:\/\/www.zonaroja.com.mx\/?p=24515"},"modified":"2021-03-10T17:02:02","modified_gmt":"2021-03-10T23:02:02","slug":"matan-a-balazos-a-dos-personas-en-costa-e-istmo-de-oaxaca","status":"publish","type":"post","link":"https:\/\/zonaroja.com.mx\/?p=24515","title":{"rendered":"Matan a balazos a dos personas, en Costa e Istmo de Oaxaca"},"content":{"rendered":"\n<p>Redacci\u00f3n\/Zona Roja.<\/p>\n\n\n\n<p>Oaxaca de Ju\u00e1rez, Oax., 10 de marzo de 2021.- Dos personas fueron asesinadas este mi\u00e9rcoles en comunidades de las regiones Costa e Istmo de Tehuantepec de Oaxaca.<\/p>\n\n\n\n<p>Esta tarde, en la comunidad de Valdeflores, del municipio de Santa Mar\u00eda Colotepec, varias personas fueron agredidas a balazos, un padre de familia, su hijo y uno de sus sobrinos.<\/p>\n\n\n\n<p>La v\u00edctima mortal fue identificada como Alfredo Enrique H. F., mientras que los lesionados, Alfredo H. O. y Jaime H. V., quienes fueron trasladados a una cl\u00ednica del destino tur\u00edstico de Puerto Escondido, en la regi\u00f3n coste\u00f1a.<\/p>\n\n\n\n<p>Mientras tanto, en una granja de pollos ubicada a un costado de la carretera federal hacia La Ventosa, en jurisdicci\u00f3n de Juchit\u00e1n de Zaragoza, un individuo fue atacado con disparos de arma de fuego.<\/p>\n\n\n\n<p>En el sitio perdi\u00f3 la vida quien fue identificado de manera preliminar como Vicente G. J., de 35 a\u00f1os de edad, quien ten\u00eda su domicilio en la colonia Los Tamarinos de Juchit\u00e1n.<\/p>\n\n\n\n<p>En ambos casos no hay personas detenidas.<\/p>\n","protected":false},"excerpt":{"rendered":"<p>Redacci\u00f3n\/Zona Roja. Oaxaca de Ju\u00e1rez, Oax., 10 de marzo de 2021.- Dos personas fueron asesinadas&hellip;<\/p>\n","protected":false},"author":2,"featured_media":15591,"comment_status":"closed","ping_status":"open","sticky":false,"template":"","format":"standard","meta":{"_lmt_disableupdate":"","_lmt_disable":"","_jetpack_memberships_contains_paid_content":false,"footnotes":""},"categories":[109,51],"tags":[123],"class_list":["post-24515","post","type-post","status-publish","format-standard","has-post-thumbnail","hentry","category-minuto-a-minuto","category-zona-roja","tag-juchitan-de-zaragoza"],"jetpack_featured_media_url":"https:\/\/zonaroja.com.mx\/wp-content\/uploads\/2020\/07\/Escena-del-crimen-8.jpg","jetpack_sharing_enabled":true,"_links":{"self":[{"href":"https:\/\/zonaroja.com.mx\/index.php?rest_route=\/wp\/v2\/posts\/24515","targetHints":{"allow":["GET"]}}],"collection":[{"href":"https:\/\/zonaroja.com.mx\/index.php?rest_route=\/wp\/v2\/posts"}],"about":[{"href":"https:\/\/zonaroja.com.mx\/index.php?rest_route=\/wp\/v2\/types\/post"}],"author":[{"embeddable":true,"href":"https:\/\/zonaroja.com.mx\/index.php?rest_route=\/wp\/v2\/users\/2"}],"replies":[{"embeddable":true,"href":"https:\/\/zonaroja.com.mx\/index.php?rest_route=%2Fwp%2Fv2%2Fcomments&post=24515"}],"version-history":[{"count":1,"href":"https:\/\/zonaroja.com.mx\/index.php?rest_route=\/wp\/v2\/posts\/24515\/revisions"}],"predecessor-version":[{"id":24516,"href":"https:\/\/zonaroja.com.mx\/index.php?rest_route=\/wp\/v2\/posts\/24515\/revisions\/24516"}],"wp:featuredmedia":[{"embeddable":true,"href":"https:\/\/zonaroja.com.mx\/index.php?rest_route=\/wp\/v2\/media\/15591"}],"wp:attachment":[{"href":"https:\/\/zonaroja.com.mx\/index.php?rest_route=%2Fwp%2Fv2%2Fmedia&parent=24515"}],"wp:term":[{"taxonomy":"category","embeddable":true,"href":"https:\/\/zonaroja.com.mx\/index.php?rest_route=%2Fwp%2Fv2%2Fcategories&post=24515"},{"taxonomy":"post_tag","embeddable":true,"href":"https:\/\/zonaroja.com.mx\/index.php?rest_route=%2Fwp%2Fv2%2Ftags&post=24515"}],"curies":[{"name":"wp","href":"https:\/\/api.w.org\/{rel}","templated":true}]}}