{"id":24526,"date":"2021-03-11T07:42:38","date_gmt":"2021-03-11T13:42:38","guid":{"rendered":"http:\/\/www.zonaroja.com.mx\/?p=24526"},"modified":"2021-03-11T07:42:41","modified_gmt":"2021-03-11T13:42:41","slug":"registra-el-istmo-de-tehuantepec-seis-homicidios-en-un-dia-otro-en-la-costa","status":"publish","type":"post","link":"https:\/\/zonaroja.com.mx\/?p=24526","title":{"rendered":"Registra el Istmo de Tehuantepec seis homicidios en un d\u00eda; otro en la Costa"},"content":{"rendered":"\n<p>Ismael Garc\u00eda M.\/Zona Roja.<\/p>\n\n\n\n<p>Oaxaca de Ju\u00e1rez, Oax., 11 de marzo de 2021.- Al menos siete personas fueron asesinadas ayer mi\u00e9rcoles en Oaxaca, seis de ellas en la regi\u00f3n del Istmo de Tehuantepec y una en la Costa.<\/p>\n\n\n\n<p>Anoche, en un domicilio de la calle Allende del Barrio Ju\u00e1rez Sur, del municipio de Mat\u00edas Romero Avenda\u00f1o, se registr\u00f3 un ataque armado, que dej\u00f3 como saldo dos personas del sexo masculino asesinadas y una m\u00e1s lesionada.<\/p>\n\n\n\n<p>Hasta esta ma\u00f1ana no han sido identificados ni hay personas detenidas por su presunta participaci\u00f3n.<\/p>\n\n\n\n<p>Tambi\u00e9n anoche pero sobre la carretera federal 190 Oaxaca-Istmo, a la altura del acceso a Santa Mar\u00eda Tequisistl\u00e1n, fueron agredidos a balazos los ocupantes de un veh\u00edculo de motor compacto.<\/p>\n\n\n\n<p>Como resultado de ello, al menos dos personas del sexo masculino perdieron la vida y el veh\u00edculo termin\u00f3 calcinado.<\/p>\n\n\n\n<p>Por la tarde de este mi\u00e9rcoles, en la comunidad de Arrancones, del municipio de Barrancones, fue hallado sin vida el cuerpo de un masculino, identificado como Ei Eliel Morales Flores, de 30 a\u00f1os, quien hab\u00eda sido reportado como desaparecido desde el s\u00e1bado 6 de marzo.<\/p>\n\n\n\n<p>Mientras que por la ma\u00f1ana en el tramo carretero Juchit\u00e1n de Zaragoza-La Ventosa, cerca de la colonia Los Tamarindos, fue ultimado un individuo en una granja de pollos; la v\u00edctima fue identificada como Vicente G. J., de 35 a\u00f1os de edad, originario de la misma colonia citada.<\/p>\n\n\n\n<p>En tanto que en la comunidad de Valdeflores, de Santa Mar\u00eda Colotepec, regi\u00f3n de la Costa, fueron atacados a balazos integrantes de una familia; en el sitio muri\u00f3 Alfredo Enrique H. O., mientras que result\u00f3 lesionado su hijo Alfredo H. O. y su sobrino Jaime H. V.<\/p>\n\n\n\n<p>En todos los casos la Fiscal\u00eda General del Estado de Oaxaca no ha reportado personas detenidas.<\/p>\n","protected":false},"excerpt":{"rendered":"<p>Ismael Garc\u00eda M.\/Zona Roja. Oaxaca de Ju\u00e1rez, Oax., 11 de marzo de 2021.- Al menos&hellip;<\/p>\n","protected":false},"author":2,"featured_media":1857,"comment_status":"closed","ping_status":"open","sticky":false,"template":"","format":"standard","meta":{"_lmt_disableupdate":"","_lmt_disable":"","_jetpack_memberships_contains_paid_content":false,"footnotes":""},"categories":[109,51],"tags":[228],"class_list":["post-24526","post","type-post","status-publish","format-standard","has-post-thumbnail","hentry","category-minuto-a-minuto","category-zona-roja","tag-matias-romero-avendano"],"jetpack_featured_media_url":"https:\/\/zonaroja.com.mx\/wp-content\/uploads\/2019\/06\/SSPO-4.jpg","jetpack_sharing_enabled":true,"_links":{"self":[{"href":"https:\/\/zonaroja.com.mx\/index.php?rest_route=\/wp\/v2\/posts\/24526","targetHints":{"allow":["GET"]}}],"collection":[{"href":"https:\/\/zonaroja.com.mx\/index.php?rest_route=\/wp\/v2\/posts"}],"about":[{"href":"https:\/\/zonaroja.com.mx\/index.php?rest_route=\/wp\/v2\/types\/post"}],"author":[{"embeddable":true,"href":"https:\/\/zonaroja.com.mx\/index.php?rest_route=\/wp\/v2\/users\/2"}],"replies":[{"embeddable":true,"href":"https:\/\/zonaroja.com.mx\/index.php?rest_route=%2Fwp%2Fv2%2Fcomments&post=24526"}],"version-history":[{"count":1,"href":"https:\/\/zonaroja.com.mx\/index.php?rest_route=\/wp\/v2\/posts\/24526\/revisions"}],"predecessor-version":[{"id":24527,"href":"https:\/\/zonaroja.com.mx\/index.php?rest_route=\/wp\/v2\/posts\/24526\/revisions\/24527"}],"wp:featuredmedia":[{"embeddable":true,"href":"https:\/\/zonaroja.com.mx\/index.php?rest_route=\/wp\/v2\/media\/1857"}],"wp:attachment":[{"href":"https:\/\/zonaroja.com.mx\/index.php?rest_route=%2Fwp%2Fv2%2Fmedia&parent=24526"}],"wp:term":[{"taxonomy":"category","embeddable":true,"href":"https:\/\/zonaroja.com.mx\/index.php?rest_route=%2Fwp%2Fv2%2Fcategories&post=24526"},{"taxonomy":"post_tag","embeddable":true,"href":"https:\/\/zonaroja.com.mx\/index.php?rest_route=%2Fwp%2Fv2%2Ftags&post=24526"}],"curies":[{"name":"wp","href":"https:\/\/api.w.org\/{rel}","templated":true}]}}