{"id":24528,"date":"2021-03-11T07:48:02","date_gmt":"2021-03-11T13:48:02","guid":{"rendered":"http:\/\/www.zonaroja.com.mx\/?p=24528"},"modified":"2021-03-11T07:48:05","modified_gmt":"2021-03-11T13:48:05","slug":"demanda-congreso-de-oaxaca-que-gobernador-revise-vigencia-de-magistrados","status":"publish","type":"post","link":"https:\/\/zonaroja.com.mx\/?p=24528","title":{"rendered":"Demanda Congreso de Oaxaca que gobernador revise vigencia de magistrados"},"content":{"rendered":"\n<p>Yuridiana Sosa\/Zona Roja.<\/p>\n\n\n\n<p>Oaxaca de Ju\u00e1rez, Oax., 11 de marzo de 2021.- Con 25 votos a favor, el Congreso de Oaxaca aprob\u00f3 emitir un exhorto al gobernador Alejandro Murat para que revise las vigencias de los nombramientos de magistrados del Tribunal de Justicia Administrativa y evitar extiendan sus periodos.<\/p>\n\n\n\n<p>La propuesta del diputado local del Partido del Trabajo, C\u00e9sar Morales Ni\u00f1o, fue aprobado de obvia y urgente resoluci\u00f3n en sesi\u00f3n ordinaria de este mi\u00e9rcoles.<\/p>\n\n\n\n<p>Con esta aprobaci\u00f3n, el Congreso estatal demanda que Murat Hinojosa inicie con el proceso de revisi\u00f3n del periodo y vigencia de los nombramientos de las magistraturas del Tribunal de Justicia Administrativa del Estado, para que en caso de haber vencimientos se realicen las respectivas designaciones.<\/p>\n\n\n\n<p>En su exposici\u00f3n, indic\u00f3 que la pandemia no debe ser un pretexto para la certeza jur\u00eddica a las instituciones del Estado, como lo es la de los \u00f3rganos jurisdiccionales que imparten justicia.<\/p>\n\n\n\n<p>La revisi\u00f3n, dijo, es \u201cpara evitar que surjan casos como en el pasado reciente, donde ante el silencio del gobernador, para nombrar a los y las titulares de las nuevas magistraturas, los y las magistradas con nombramiento vencido, han argumentado que el periodo de su cargo se ha prolongado y en autom\u00e1tico invocan la ratificaci\u00f3n t\u00e1cita\u201d.<\/p>\n\n\n\n<p>Adem\u00e1s, est\u00e1 falta de ejercicio por parte del mandatario han provocado problemas al interior del Tribunal con las denominadas&nbsp; ratificaciones t\u00e1citas, ya que existen inconformidades entre las y los propios magistrados, para las votaciones, la elecci\u00f3n de la presidencia del \u00f3rgano, la toma de decisiones, y el desconocimiento mutuo entre los y las titulares de las magistraturas, destac\u00f3 el legislador.<\/p>\n\n\n\n<p>El diputado recalc\u00f3 que corresponde al Gobernador del Estado hacer los nombramientos respectivos y posteriormente los remite a este Congreso para su ratificaci\u00f3n, por qu\u00e9 tambi\u00e9n es su labor en estar al pendiente de este tema.<\/p>\n\n\n\n<p>El legislativo pidi\u00f3 que esta revisi\u00f3n tambi\u00e9n debe de tomar en cuenta que en caso de existan vacantes y sea necesaria la renovaci\u00f3n de magistraturas, est\u00e1s deber\u00e1n sujetarse al principio de paridad en todo.<\/p>\n\n\n\n<p>Motivo por el que se deben \u201cadoptar acciones afirmativas a favor de las mujeres para compensar la desigualdad hist\u00f3rica que han sufrido en el nombramiento de estos cargos\u201d, puntualiz\u00f3.<\/p>\n","protected":false},"excerpt":{"rendered":"<p>Yuridiana Sosa\/Zona Roja. Oaxaca de Ju\u00e1rez, Oax., 11 de marzo de 2021.- Con 25 votos&hellip;<\/p>\n","protected":false},"author":2,"featured_media":24529,"comment_status":"closed","ping_status":"open","sticky":false,"template":"","format":"standard","meta":{"_lmt_disableupdate":"","_lmt_disable":"","_jetpack_memberships_contains_paid_content":false,"footnotes":""},"categories":[109,47],"tags":[612],"class_list":["post-24528","post","type-post","status-publish","format-standard","has-post-thumbnail","hentry","category-minuto-a-minuto","category-zona-gris","tag-cesar-morales-nino"],"jetpack_featured_media_url":"https:\/\/zonaroja.com.mx\/wp-content\/uploads\/2021\/03\/Cesar-Morales-Nino.jpg","jetpack_sharing_enabled":true,"_links":{"self":[{"href":"https:\/\/zonaroja.com.mx\/index.php?rest_route=\/wp\/v2\/posts\/24528","targetHints":{"allow":["GET"]}}],"collection":[{"href":"https:\/\/zonaroja.com.mx\/index.php?rest_route=\/wp\/v2\/posts"}],"about":[{"href":"https:\/\/zonaroja.com.mx\/index.php?rest_route=\/wp\/v2\/types\/post"}],"author":[{"embeddable":true,"href":"https:\/\/zonaroja.com.mx\/index.php?rest_route=\/wp\/v2\/users\/2"}],"replies":[{"embeddable":true,"href":"https:\/\/zonaroja.com.mx\/index.php?rest_route=%2Fwp%2Fv2%2Fcomments&post=24528"}],"version-history":[{"count":1,"href":"https:\/\/zonaroja.com.mx\/index.php?rest_route=\/wp\/v2\/posts\/24528\/revisions"}],"predecessor-version":[{"id":24530,"href":"https:\/\/zonaroja.com.mx\/index.php?rest_route=\/wp\/v2\/posts\/24528\/revisions\/24530"}],"wp:featuredmedia":[{"embeddable":true,"href":"https:\/\/zonaroja.com.mx\/index.php?rest_route=\/wp\/v2\/media\/24529"}],"wp:attachment":[{"href":"https:\/\/zonaroja.com.mx\/index.php?rest_route=%2Fwp%2Fv2%2Fmedia&parent=24528"}],"wp:term":[{"taxonomy":"category","embeddable":true,"href":"https:\/\/zonaroja.com.mx\/index.php?rest_route=%2Fwp%2Fv2%2Fcategories&post=24528"},{"taxonomy":"post_tag","embeddable":true,"href":"https:\/\/zonaroja.com.mx\/index.php?rest_route=%2Fwp%2Fv2%2Ftags&post=24528"}],"curies":[{"name":"wp","href":"https:\/\/api.w.org\/{rel}","templated":true}]}}