{"id":24531,"date":"2021-03-11T10:32:14","date_gmt":"2021-03-11T16:32:14","guid":{"rendered":"http:\/\/www.zonaroja.com.mx\/?p=24531"},"modified":"2021-03-11T10:32:18","modified_gmt":"2021-03-11T16:32:18","slug":"morenistas-contra-morenistas-por-falta-de-vacunas-edil-azuza-bloqueos","status":"publish","type":"post","link":"https:\/\/zonaroja.com.mx\/?p=24531","title":{"rendered":"Morenistas contra morenistas por falta de vacunas; edil azuza bloqueos"},"content":{"rendered":"\n<p>Redacci\u00f3n\/Yuridiana Sosa.<\/p>\n\n\n\n<p>Oaxaca de Ju\u00e1rez, Oax., 11 de marzo de 2021.- Recibir la vacuna contra el Covid-19 &#8211;dirigida a los adultos mayores&#8211; se volvi\u00f3 un tormento para cientos de familias oaxaque\u00f1as.<\/p>\n\n\n\n<p>Y tambi\u00e9n un caos, pues desde anoche gener\u00f3 bloqueos, quema de llantas y \u201ctoma\u201d de camiones de carga y de transporte de pasajeros.<\/p>\n\n\n\n<p>Y fue el edil de Santa Luc\u00eda del Camino, Dante Monta\u00f1o, surgido del Partido Morena, quien azuz\u00f3 las movilizaciones, que se reactivaron este d\u00eda, para culpar al gobierno federal, tambi\u00e9n morenista, y a la delegada de Programas Bienestar, Nancy Ortiz Cabrera, de cancelar la dotaci\u00f3n de inmunol\u00f3gicos para esta demarcaci\u00f3n conurbada a la capital.<\/p>\n\n\n\n<p>Desde las 07:30 comenz\u00f3 el cierre de cuatro principales vialidades en al menos una docena de puntos, de la carretera federal 190, la avenida L\u00e1zaro C\u00e1rdenas, la avenida Ferrocarril y la carretera al fraccionamiento El Rosario, con lo cual se tiene totalmente aislada la capital por la zona oriente.<\/p>\n\n\n\n<p>Hasta el momento ni el gobierno federal, a trav\u00e9s de Bienestar, ni el gobierno de Oaxaca, que encabeza Alejandro Murat, ha dado una postura acerca de la falta de vacunas contra el Covid-19.<\/p>\n\n\n\n<p>Desde anoche, en al menos 11 municipios se cancel\u00f3 la aplicaci\u00f3n de vacunas, entre ellos Santa Luc\u00eda del Camino, Santa Cruz Amilpas, San Sebasti\u00e1n Tutla, Santa Mar\u00eda Atzompa, sin mayor informaci\u00f3n a los afectados.<\/p>\n\n\n\n<figure class=\"wp-block-embed-twitter wp-block-embed is-type-rich is-provider-twitter\"><div class=\"wp-block-embed__wrapper\">\n<div class=\"twitter-tweet\"><blockquote class=\"twitter-tweet\" data-lang=\"es\"><p lang=\"es\" dir=\"ltr\"><a href=\"https:\/\/twitter.com\/hashtag\/ENVIVO?src=hash&amp;ref_src=twsrc%5Etfw\">#ENVIVO<\/a> <br>Santa Luc\u00eda del Camino, Oax., 11 de marzo de 2021. Por segundo d\u00eda consecutivo pobladores de Santa Luc\u00eda del Camino bloquean vialidades para exigir la aplicaci\u00f3n de vacunas contra el Covid-19, que fue cancelada anoche.<br>Aqu\u00ed la transmisi\u00f3n:<br>\ud83d\udc47<a href=\"https:\/\/t.co\/jay9OR6za6\">https:\/\/t.co\/jay9OR6za6<\/a> <a href=\"https:\/\/t.co\/wbrkkVVrgo\">pic.twitter.com\/wbrkkVVrgo<\/a><\/p>&mdash; Zona Roja Oaxaca (@Zona_Roja_Oax) <a href=\"https:\/\/twitter.com\/Zona_Roja_Oax\/status\/1370020110212153347?ref_src=twsrc%5Etfw\">11 de marzo de 2021<\/a><\/blockquote><\/div>\n<\/div><\/figure>\n\n\n\n<p>CAOS TODA LA SEMANA<\/p>\n\n\n\n<p>Desde el lunes, nietos, hijos, familiares, y hasta los propios abuelos pasaron desvelos, hambre, cansancio; calor, fr\u00edo y hasta enojos para no perder la dosis, en la ciudad de Oaxaca.<\/p>\n\n\n\n<p>Escenario que se vivi\u00f3 tanto en el primero, como en el segundo d\u00eda de la jornada de vacunaci\u00f3n, cuando en al menos cuatro puntos de vacunaci\u00f3n se report\u00f3 el desabasto del inmunol\u00f3gico, entre ellos en el instalado en la Facultad de Medicina y Cirug\u00eda de la UABJO, donde las filas comenzaron desde el lunes.<\/p>\n\n\n\n<p>La desorganizaci\u00f3n de los tres niveles de gobierno fue evidente e insuperable durante el segundo d\u00eda &#8211;mi\u00e9rcoles&#8211; pese a la experiencia que vivieron en el arranque del proceso, con filas realizadas 24 horas antes.<\/p>\n\n\n\n<p>En algunos de los 11 puntos fue m\u00e1s importante la organizaci\u00f3n de los ciudadanos, quienes finalmente lograron que se respetara la formaci\u00f3n y se entregaran fichas para ser atendidos y hacer valer sus sacrificios.<\/p>\n\n\n\n<p>La sede de la Plaza de la Danza se convirti\u00f3 en uno de los centros de vacunaci\u00f3n m\u00e1s desordenados, sin aplicarse la sana distancia, donde este martes los abuelitos y familiares siguieron batallando por recibir el biol\u00f3gico.<\/p>\n\n\n\n<p>Cansados, desesperados y esperanzados por la cura, permanecieron firmes, en lo que ya se hab\u00eda convertido, en una silenciosa exigencia de la vacuna.<\/p>\n\n\n\n<p>Tras el ca\u00f3tico primer d\u00eda (martes), los Servicios de Salud de Oaxaca al frente de Juan Carlos M\u00e1rquez Heine s\u00f3lo se limitaron a emitir un comunicado para recomendar a \u201cadultos mayores descansar adecuadamente y desayunar sanamente, respecto a las personas de la tercera edad que padecen alguna enfermedad cr\u00f3nica-degenerativa, recomend\u00f3 no suspender sus tratamientos\u201d.<\/p>\n\n\n\n<p>As\u00ed tambi\u00e9n, la autoridad estatal exhort\u00f3 a la ciudadan\u00eda evitar consumir alimentos mientras esperan su turno para ser vacunados, lavar o desinfectarse las manos frecuentemente, no quitarse el cubrebocas y mantener la sana distancia de m\u00ednimo 1.5 metros.<\/p>\n\n\n\n<figure class=\"wp-block-embed-twitter wp-block-embed is-type-rich is-provider-twitter\"><div class=\"wp-block-embed__wrapper\">\n<div class=\"twitter-tweet\"><blockquote class=\"twitter-tweet\" data-lang=\"es\"><p lang=\"es\" dir=\"ltr\"><a href=\"https:\/\/twitter.com\/hashtag\/%C3%9AltimoMinuto?src=hash&amp;ref_src=twsrc%5Etfw\">#\u00daltimoMinuto<\/a> <br>Sitiada la capital de <a href=\"https:\/\/twitter.com\/hashtag\/Oaxaca?src=hash&amp;ref_src=twsrc%5Etfw\">#Oaxaca<\/a> por toda la zona oriente. <br>Edil morenista de <a href=\"https:\/\/twitter.com\/MunSantaLucia?ref_src=twsrc%5Etfw\">@MunSantaLucia<\/a>, <a href=\"https:\/\/twitter.com\/DANTEMONTANO?ref_src=twsrc%5Etfw\">@dantemontano<\/a>, ordena cerrar las tres principales v\u00edas de acceso&#8230; contra el gobierno federal tambi\u00e9n morenista. <br>El argumento: falta de vacunas anti Covid. <a href=\"https:\/\/t.co\/r3u7sZ3X2d\">pic.twitter.com\/r3u7sZ3X2d<\/a><\/p>&mdash; Zona Roja Oaxaca (@Zona_Roja_Oax) <a href=\"https:\/\/twitter.com\/Zona_Roja_Oax\/status\/1370037228819386368?ref_src=twsrc%5Etfw\">11 de marzo de 2021<\/a><\/blockquote><\/div>\n<\/div><\/figure>\n","protected":false},"excerpt":{"rendered":"<p>Redacci\u00f3n\/Yuridiana Sosa. Oaxaca de Ju\u00e1rez, Oax., 11 de marzo de 2021.- Recibir la vacuna contra&hellip;<\/p>\n","protected":false},"author":2,"featured_media":24532,"comment_status":"closed","ping_status":"open","sticky":false,"template":"","format":"standard","meta":{"_lmt_disableupdate":"","_lmt_disable":"","_jetpack_memberships_contains_paid_content":false,"footnotes":""},"categories":[109,47],"tags":[1512,337],"class_list":["post-24531","post","type-post","status-publish","format-standard","has-post-thumbnail","hentry","category-minuto-a-minuto","category-zona-gris","tag-coronavirus-oaxaca","tag-santa-lucia-del-camino"],"jetpack_featured_media_url":"https:\/\/zonaroja.com.mx\/wp-content\/uploads\/2021\/03\/Bloqueos-Santa-Lucia-del-Camino.jpg","jetpack_sharing_enabled":true,"_links":{"self":[{"href":"https:\/\/zonaroja.com.mx\/index.php?rest_route=\/wp\/v2\/posts\/24531","targetHints":{"allow":["GET"]}}],"collection":[{"href":"https:\/\/zonaroja.com.mx\/index.php?rest_route=\/wp\/v2\/posts"}],"about":[{"href":"https:\/\/zonaroja.com.mx\/index.php?rest_route=\/wp\/v2\/types\/post"}],"author":[{"embeddable":true,"href":"https:\/\/zonaroja.com.mx\/index.php?rest_route=\/wp\/v2\/users\/2"}],"replies":[{"embeddable":true,"href":"https:\/\/zonaroja.com.mx\/index.php?rest_route=%2Fwp%2Fv2%2Fcomments&post=24531"}],"version-history":[{"count":1,"href":"https:\/\/zonaroja.com.mx\/index.php?rest_route=\/wp\/v2\/posts\/24531\/revisions"}],"predecessor-version":[{"id":24533,"href":"https:\/\/zonaroja.com.mx\/index.php?rest_route=\/wp\/v2\/posts\/24531\/revisions\/24533"}],"wp:featuredmedia":[{"embeddable":true,"href":"https:\/\/zonaroja.com.mx\/index.php?rest_route=\/wp\/v2\/media\/24532"}],"wp:attachment":[{"href":"https:\/\/zonaroja.com.mx\/index.php?rest_route=%2Fwp%2Fv2%2Fmedia&parent=24531"}],"wp:term":[{"taxonomy":"category","embeddable":true,"href":"https:\/\/zonaroja.com.mx\/index.php?rest_route=%2Fwp%2Fv2%2Fcategories&post=24531"},{"taxonomy":"post_tag","embeddable":true,"href":"https:\/\/zonaroja.com.mx\/index.php?rest_route=%2Fwp%2Fv2%2Ftags&post=24531"}],"curies":[{"name":"wp","href":"https:\/\/api.w.org\/{rel}","templated":true}]}}