{"id":24534,"date":"2021-03-11T10:45:30","date_gmt":"2021-03-11T16:45:30","guid":{"rendered":"http:\/\/www.zonaroja.com.mx\/?p=24534"},"modified":"2021-03-11T10:45:34","modified_gmt":"2021-03-11T16:45:34","slug":"en-oaxaca-se-unen-mujeres-en-un-solo-grito-reclaman-justicia-y-alto-a-impunidad","status":"publish","type":"post","link":"https:\/\/zonaroja.com.mx\/?p=24534","title":{"rendered":"En Oaxaca, se unen mujeres en un solo grito, reclaman justicia y alto a impunidad"},"content":{"rendered":"\n<p>Evlin Arag\u00f3n\/Zona Roja.<\/p>\n\n\n\n<p>Oaxaca de Ju\u00e1rez, Oax., 11 de marzo de 2021.- Hace m\u00e1s de tres a\u00f1os que Estela Galv\u00e1n fue v\u00edctima de violencia de g\u00e9nero, al igual que otras tres mujeres mixes que fueron secuestradas y torturadas por pobladores armados de Tamazul\u00e1pam del Esp\u00edritu Santo, quienes se apoderaron por la fuerza del manantial que dota de agua a la comunidad de San Pedro y San Pablo Ayutla.<\/p>\n\n\n\n<p>Nada ha pasado al respecto. Pese a las denuncias que realizaron ante la Fiscal\u00eda General del Estado de Oaxaca, que hasta hace uno d\u00edas dirig\u00eda Rub\u00e9n Vasconcelos M\u00e9ndez, su demanda de justicia no tuvo eco, por el contrario, fue ignorada.&nbsp;<\/p>\n\n\n\n<p>Elena ha declarado ante medios de comunicaci\u00f3n que despu\u00e9s del secuestro del que fue v\u00edctima se volvi\u00f3 hist\u00e9rica y nerviosa. Asegura que no quiere m\u00e1s derramamiento de sangre y sobre todo le hubiera gustado que el gobernador Alejandro Murat escuchara su relato.<\/p>\n\n\n\n<p>M\u00c1S CASOS<\/p>\n\n\n\n<p>Recientemente, se ha unido a la saxofonista Mar\u00eda Elena R\u00edos Ortiz y la periodista Soledad Cruz Jarqu\u00edn para denunciar la impunidad que se vive en la entidad oaxaque\u00f1a y la nula justicia a la que se enfrentan las mujeres que han padecido en carne propia la violencia de g\u00e9nero y feminicida.&nbsp;<\/p>\n\n\n\n<p>\u201cEstamos todas unidas\u201d refiere en su lengua natal, al igual que otras mujeres como la cineasta oaxaque\u00f1a \u00c1ngeles Cruz, la escritora Gabriela Jauregui, y la periodista zapoteca Diana Manzo, quienes se unen al reclamo de justicia para las mujeres.<\/p>\n\n\n\n<p>Lo hicieron mediante un video en el que tambi\u00e9n se escucha la voz de Leticia Loyola, madre de Zayra Leticia Morales Loyola, joven desaparecida desde el 23 de octubre sin que tengan noticias sobre el paradero, a pesar de que presentaron la denuncia correspondiente ante la Fiscal\u00eda y hay personas detenidas como sospechosas.<\/p>\n\n\n\n<p>As\u00ed como la de Heidi Chincoya, prima de Martha Rosa joven estudiante universitaria desaparecida junto con su madre Mar\u00eda Concha Rebollar en diciembre del 2018, y cuyo paradero es desconocido, aunque se detuvo a una persona presuntamente implicada.&nbsp;<\/p>\n\n\n\n<p>\u201cSolo por mencionar algunas mujeres v\u00edctimas de la violencia y de un sistema de acceso a la justicia ineficiente que da paso a la impunidad, lo que exige que las personas encargadas de atender esta problem\u00e1tica est\u00e9n capacitadas en perspectiva de g\u00e9nero, que conozcan las realidades de Oaxaca y de M\u00e9xico y sobre todo que permanezcan ajena a los pactos de impunidad\u201d, refieren las mujeres.&nbsp;&nbsp; Se trata de un esfuerzo colectivo, realizado en el marco del D\u00eda Internacional de la Mujer, con la intenci\u00f3n de hacer escuchar su voz y gritar que est\u00e1n unidas por las que ya no est\u00e1n, por las que esperan su regreso y por las que vienen.<\/p>\n","protected":false},"excerpt":{"rendered":"<p>Evlin Arag\u00f3n\/Zona Roja. Oaxaca de Ju\u00e1rez, Oax., 11 de marzo de 2021.- Hace m\u00e1s de&hellip;<\/p>\n","protected":false},"author":2,"featured_media":12592,"comment_status":"closed","ping_status":"open","sticky":false,"template":"","format":"standard","meta":{"_lmt_disableupdate":"","_lmt_disable":"","_jetpack_memberships_contains_paid_content":false,"footnotes":""},"categories":[109,47],"tags":[1559],"class_list":["post-24534","post","type-post","status-publish","format-standard","has-post-thumbnail","hentry","category-minuto-a-minuto","category-zona-gris","tag-violencia-mujeres-oaxaca"],"jetpack_featured_media_url":"https:\/\/zonaroja.com.mx\/wp-content\/uploads\/2020\/05\/Mujer-familia-v\u00edctima-Ayutla.jpg","jetpack_sharing_enabled":true,"_links":{"self":[{"href":"https:\/\/zonaroja.com.mx\/index.php?rest_route=\/wp\/v2\/posts\/24534","targetHints":{"allow":["GET"]}}],"collection":[{"href":"https:\/\/zonaroja.com.mx\/index.php?rest_route=\/wp\/v2\/posts"}],"about":[{"href":"https:\/\/zonaroja.com.mx\/index.php?rest_route=\/wp\/v2\/types\/post"}],"author":[{"embeddable":true,"href":"https:\/\/zonaroja.com.mx\/index.php?rest_route=\/wp\/v2\/users\/2"}],"replies":[{"embeddable":true,"href":"https:\/\/zonaroja.com.mx\/index.php?rest_route=%2Fwp%2Fv2%2Fcomments&post=24534"}],"version-history":[{"count":1,"href":"https:\/\/zonaroja.com.mx\/index.php?rest_route=\/wp\/v2\/posts\/24534\/revisions"}],"predecessor-version":[{"id":24535,"href":"https:\/\/zonaroja.com.mx\/index.php?rest_route=\/wp\/v2\/posts\/24534\/revisions\/24535"}],"wp:featuredmedia":[{"embeddable":true,"href":"https:\/\/zonaroja.com.mx\/index.php?rest_route=\/wp\/v2\/media\/12592"}],"wp:attachment":[{"href":"https:\/\/zonaroja.com.mx\/index.php?rest_route=%2Fwp%2Fv2%2Fmedia&parent=24534"}],"wp:term":[{"taxonomy":"category","embeddable":true,"href":"https:\/\/zonaroja.com.mx\/index.php?rest_route=%2Fwp%2Fv2%2Fcategories&post=24534"},{"taxonomy":"post_tag","embeddable":true,"href":"https:\/\/zonaroja.com.mx\/index.php?rest_route=%2Fwp%2Fv2%2Ftags&post=24534"}],"curies":[{"name":"wp","href":"https:\/\/api.w.org\/{rel}","templated":true}]}}