{"id":24536,"date":"2021-03-11T10:48:55","date_gmt":"2021-03-11T16:48:55","guid":{"rendered":"http:\/\/www.zonaroja.com.mx\/?p=24536"},"modified":"2021-03-11T10:48:59","modified_gmt":"2021-03-11T16:48:59","slug":"violencia-impide-a-mujeres-jovenes-el-disfrute-de-espacios-publicos","status":"publish","type":"post","link":"https:\/\/zonaroja.com.mx\/?p=24536","title":{"rendered":"Violencia impide a mujeres j\u00f3venes el disfrute de espacios p\u00fablicos"},"content":{"rendered":"\n<p>Evlin Arag\u00f3n\/Zona Roja.<\/p>\n\n\n\n<p>Oaxaca de Ju\u00e1rez, Oax., 11 de marzo de 2021.- La violencia que se vive en las calles de Oaxaca impide que las mujeres j\u00f3venes disfruten de los espacios p\u00fablicos y con ello tengan momentos de sano esparcimiento al salir de sus viviendas.&nbsp;<\/p>\n\n\n\n<p>As\u00ed lo refieren los datos proporcionados por la organizaci\u00f3n feminista Consorcio Oaxaca, la cual reporta que, de los 112 feminicidios registrados en contra de mujeres j\u00f3venes, el 36 por ciento ocurrieron en espacios p\u00fablicos, de ah\u00ed que durante las movilizaciones se retome la consigna \u201clas calles son nuestras\u201d, para evidenciar la problem\u00e1tica.<\/p>\n\n\n\n<p>La informaci\u00f3n proporcionada tambi\u00e9n refiere que el 75 por ciento de las v\u00edctimas, de entre 18 y 29 a\u00f1os de edad, fueron atacadas y\/o encontradas sin vida en la calle, de las cuales el 83 por ciento sufrieron lesiones por disparo de arma de fuego.&nbsp;<\/p>\n\n\n\n<p>Aunado a esto, el 12.5 por ciento de las v\u00edctimas fueron halladas sin vida en lugares como terracer\u00edas, carreteras, r\u00edos o caminos despoblados y el 12.5% de los cuerpos fueron encontrados en fosas clandestinas, cuyos restos presentaban lesiones por disparo, asfixia o se encontraron en estado de putrefacci\u00f3n.<\/p>\n\n\n\n<p>Los feminicidios no son el \u00fanico riesgo al que se enfrentan las j\u00f3venes en las calles, ya que 10 de lo 15 casos de delitos sexuales que documentaron se registraron en espacios p\u00fablicos.&nbsp;<\/p>\n\n\n\n<p>\u201cEs horrible lo que est\u00e1 sucediendo, hay demasiada violencia contra los cuerpos de las mujeres y lo est\u00e1n experimentando desde muy temprana edad\u201d, coment\u00f3 Ana Mar\u00eda Hern\u00e1ndez, integrante del equipo directivo de la organizaci\u00f3n.&nbsp;<\/p>\n\n\n\n<p>Las agresiones contra mujeres j\u00f3venes se concentran en cinco de las ocho regiones de la entidad: siendo Valles Centrales, Mixteca, Papaloapan y Costa, las cuales presentan mayor riesgo en sus calles y espacios p\u00fablicos.&nbsp;<\/p>\n\n\n\n<p>\u201cSon las mujeres j\u00f3venes qui\u00e9nes est\u00e1n demandando acceder a los derechos que les corresponde, se apropian de los espacios p\u00fablicos, ya sea con marchas, con performances, con exposiciones de arte, incluso desde el espacio virtual con la generaci\u00f3n de conferencias, conciertos. Porque s\u00ed el Gobierno y la sociedad nos est\u00e1 fallando, apostemos al cuidado y la organizaci\u00f3n entre mujeres\u201d indic\u00f3 la activista.<\/p>\n\n\n\n<p>De igual forma expres\u00f3 su preocupaci\u00f3n y alarma en torno a la desaparici\u00f3n de j\u00f3venes, situaci\u00f3n que refleja el descuido y la falta de acci\u00f3n por parte de las autoridades, encabezadas por Alejandro Murat Hinojosa, para garantizar el derecho de las mujeres a una vida libre de violencia.&nbsp;&nbsp;<\/p>\n\n\n\n<p>As\u00ed mismo la falta de justicia derivada de la insensibilidad con la que se atienden los casos de violencia al interior de la Fiscal\u00eda General del Estado de Oaxaca, particularmente durante la administraci\u00f3n de Rub\u00e9n Vasconcelos M\u00e9ndez, que recientemente present\u00f3 su renuncia y dej\u00f3 su marca de impunidad en las v\u00edctimas y en la sociedad.<\/p>\n","protected":false},"excerpt":{"rendered":"<p>Evlin Arag\u00f3n\/Zona Roja. Oaxaca de Ju\u00e1rez, Oax., 11 de marzo de 2021.- La violencia que&hellip;<\/p>\n","protected":false},"author":2,"featured_media":17371,"comment_status":"closed","ping_status":"open","sticky":false,"template":"","format":"standard","meta":{"_lmt_disableupdate":"","_lmt_disable":"","_jetpack_memberships_contains_paid_content":false,"footnotes":""},"categories":[109,47],"tags":[1559],"class_list":["post-24536","post","type-post","status-publish","format-standard","has-post-thumbnail","hentry","category-minuto-a-minuto","category-zona-gris","tag-violencia-mujeres-oaxaca"],"jetpack_featured_media_url":"https:\/\/zonaroja.com.mx\/wp-content\/uploads\/2020\/09\/Violencia-mujeres-3.jpg","jetpack_sharing_enabled":true,"_links":{"self":[{"href":"https:\/\/zonaroja.com.mx\/index.php?rest_route=\/wp\/v2\/posts\/24536","targetHints":{"allow":["GET"]}}],"collection":[{"href":"https:\/\/zonaroja.com.mx\/index.php?rest_route=\/wp\/v2\/posts"}],"about":[{"href":"https:\/\/zonaroja.com.mx\/index.php?rest_route=\/wp\/v2\/types\/post"}],"author":[{"embeddable":true,"href":"https:\/\/zonaroja.com.mx\/index.php?rest_route=\/wp\/v2\/users\/2"}],"replies":[{"embeddable":true,"href":"https:\/\/zonaroja.com.mx\/index.php?rest_route=%2Fwp%2Fv2%2Fcomments&post=24536"}],"version-history":[{"count":1,"href":"https:\/\/zonaroja.com.mx\/index.php?rest_route=\/wp\/v2\/posts\/24536\/revisions"}],"predecessor-version":[{"id":24537,"href":"https:\/\/zonaroja.com.mx\/index.php?rest_route=\/wp\/v2\/posts\/24536\/revisions\/24537"}],"wp:featuredmedia":[{"embeddable":true,"href":"https:\/\/zonaroja.com.mx\/index.php?rest_route=\/wp\/v2\/media\/17371"}],"wp:attachment":[{"href":"https:\/\/zonaroja.com.mx\/index.php?rest_route=%2Fwp%2Fv2%2Fmedia&parent=24536"}],"wp:term":[{"taxonomy":"category","embeddable":true,"href":"https:\/\/zonaroja.com.mx\/index.php?rest_route=%2Fwp%2Fv2%2Fcategories&post=24536"},{"taxonomy":"post_tag","embeddable":true,"href":"https:\/\/zonaroja.com.mx\/index.php?rest_route=%2Fwp%2Fv2%2Ftags&post=24536"}],"curies":[{"name":"wp","href":"https:\/\/api.w.org\/{rel}","templated":true}]}}