{"id":24541,"date":"2021-03-11T17:18:25","date_gmt":"2021-03-11T23:18:25","guid":{"rendered":"http:\/\/www.zonaroja.com.mx\/?p=24541"},"modified":"2021-03-11T17:18:28","modified_gmt":"2021-03-11T23:18:28","slug":"cuida-alotepec-a-pobladores-y-suspende-fiesta-patronal-por-pandemia","status":"publish","type":"post","link":"https:\/\/zonaroja.com.mx\/?p=24541","title":{"rendered":"Cuida Alotepec a pobladores y suspende fiesta patronal por pandemia"},"content":{"rendered":"\n<p>Evlin Arag\u00f3n\/Zona Roja. Foto: Archivo<\/p>\n\n\n\n<p>Oaxaca de Ju\u00e1rez, Oax., 11 de marzo de 2021.- A diferencia de otras localidades en las que se han llevado a cabo festividades y eventos religiosos de car\u00e1cter masivo pese a la pandemia, la autoridad de Santa Mar\u00eda Alotepec Mixe, dio a conocer que suspendi\u00f3 su fiesta patronal, programada del 1 al 05 de mayo, a fin de garantizar el derecho humano a la salud, integridad f\u00edsica y la vida.&nbsp;<\/p>\n\n\n\n<p>Lo anterior con la intenci\u00f3n de evitar la propagaci\u00f3n del virus SARS-CoV2 que en la entidad tiene un registro de 41 mil 969 casos acumulados y tres mil 22 defunciones.&nbsp;<\/p>\n\n\n\n<p>As\u00ed lo establece el documento firmado por el edil de la localidad Gilberto Mart\u00ednez V\u00e1squez y todo su Cabildo, el cual da cuenta de la decisi\u00f3n del pueblo, tomada en Asamblea General el pasado 28 de febrero, y en la que determinan suspender la fiesta patronal en honor a Jes\u00fas de Nazareno el Se\u00f1or de Alotepec.&nbsp;<\/p>\n\n\n\n<p>Por lo anterior, pidi\u00f3 a las diferentes comunidades del pueblo mixe y de las regiones del estado de Oaxaca, as\u00ed como los vendedores ambulantes, abstenerse visitar el Santuario del Se\u00f1or de Alotepec, del 1 al 05 de mayo, para evitar la aglomeraci\u00f3n de personas y evitar cualquier contagio.\u00a0<\/p>\n\n\n\n<figure class=\"wp-block-image size-large\"><img decoding=\"async\" width=\"1024\" height=\"766\" src=\"http:\/\/www.zonaroja.com.mx\/wp-content\/uploads\/2021\/03\/Alotepec-1-1024x766.jpg\" alt=\"\" class=\"wp-image-24543\" srcset=\"https:\/\/zonaroja.com.mx\/wp-content\/uploads\/2021\/03\/Alotepec-1-1024x766.jpg 1024w, https:\/\/zonaroja.com.mx\/wp-content\/uploads\/2021\/03\/Alotepec-1-300x225.jpg 300w, https:\/\/zonaroja.com.mx\/wp-content\/uploads\/2021\/03\/Alotepec-1-768x575.jpg 768w, https:\/\/zonaroja.com.mx\/wp-content\/uploads\/2021\/03\/Alotepec-1-1170x876.jpg 1170w, https:\/\/zonaroja.com.mx\/wp-content\/uploads\/2021\/03\/Alotepec-1-585x438.jpg 585w, https:\/\/zonaroja.com.mx\/wp-content\/uploads\/2021\/03\/Alotepec-1.jpg 1280w\" sizes=\"(max-width: 1024px) 100vw, 1024px\" \/><\/figure>\n\n\n\n<p>La autoridad municipal llam\u00f3 a las agencias de San Isidro Huay\u00e1pam y San Pedro Ayacaxtepec, tomar las medidas necesarias para acatar los protocolos que ha emitido la Secretar\u00eda de Salud para evitar la propagaci\u00f3n del virus durante la pr\u00f3xima temporada vacacional y de festividades en la zona.<\/p>\n\n\n\n<p>As\u00ed mismo, exhort\u00f3 a las y los ciudadanos de la comunidad que radican en otros estados y personas que visitan la comunidad de manera regular, usar de manera obligatoria el cubrebocas durante su estancia.&nbsp;<\/p>\n\n\n\n<p>Aprovech\u00f3 para ofrecer una disculpa p\u00fablica a las personas que este a\u00f1o no podr\u00e1n visitar el Santuario del Se\u00f1or de Alotepec, a las autoridades y bandas filarm\u00f3nicas que se han preparado para participar en la festividad, que es toda una tradici\u00f3n en la localidad, y que debido a la pandemia no podr\u00e1 llevare a cabo.&nbsp;<\/p>\n\n\n\n<p>Pese a que a\u00fan faltan casi dos meses para la festividad, las autoridades de la localidad determinaron su cancelaci\u00f3n con el respaldo de la localidad que no quiere arriesgarse a un contagio masivo como el que se vivi\u00f3 en San Juan del R\u00edo, poblaci\u00f3n que registr\u00f3 400 contagios tras sus festejos anuales.&nbsp;<\/p>\n\n\n\n<p>Fue a inicios del mes de enero que el propio edil de la localidad citda, Evaristo Gamboa D\u00edaz, dio a conocer que once personas, de las 400 contagiadas, murieron tras participar en actividades organizadas por la fiesta patronal en honor al \u201cDivino ni\u00f1o Jes\u00fas y Santo Reyes\u201d.&nbsp;<\/p>\n","protected":false},"excerpt":{"rendered":"<p>Evlin Arag\u00f3n\/Zona Roja. Foto: Archivo Oaxaca de Ju\u00e1rez, Oax., 11 de marzo de 2021.- A&hellip;<\/p>\n","protected":false},"author":2,"featured_media":24542,"comment_status":"closed","ping_status":"open","sticky":false,"template":"","format":"standard","meta":{"_lmt_disableupdate":"","_lmt_disable":"","_jetpack_memberships_contains_paid_content":false,"footnotes":""},"categories":[109,46],"tags":[474],"class_list":["post-24541","post","type-post","status-publish","format-standard","has-post-thumbnail","hentry","category-minuto-a-minuto","category-zona-blanca","tag-santa-maria-alotepec-mixe"],"jetpack_featured_media_url":"https:\/\/zonaroja.com.mx\/wp-content\/uploads\/2021\/03\/Alotepec-22.jpg","jetpack_sharing_enabled":true,"_links":{"self":[{"href":"https:\/\/zonaroja.com.mx\/index.php?rest_route=\/wp\/v2\/posts\/24541","targetHints":{"allow":["GET"]}}],"collection":[{"href":"https:\/\/zonaroja.com.mx\/index.php?rest_route=\/wp\/v2\/posts"}],"about":[{"href":"https:\/\/zonaroja.com.mx\/index.php?rest_route=\/wp\/v2\/types\/post"}],"author":[{"embeddable":true,"href":"https:\/\/zonaroja.com.mx\/index.php?rest_route=\/wp\/v2\/users\/2"}],"replies":[{"embeddable":true,"href":"https:\/\/zonaroja.com.mx\/index.php?rest_route=%2Fwp%2Fv2%2Fcomments&post=24541"}],"version-history":[{"count":1,"href":"https:\/\/zonaroja.com.mx\/index.php?rest_route=\/wp\/v2\/posts\/24541\/revisions"}],"predecessor-version":[{"id":24544,"href":"https:\/\/zonaroja.com.mx\/index.php?rest_route=\/wp\/v2\/posts\/24541\/revisions\/24544"}],"wp:featuredmedia":[{"embeddable":true,"href":"https:\/\/zonaroja.com.mx\/index.php?rest_route=\/wp\/v2\/media\/24542"}],"wp:attachment":[{"href":"https:\/\/zonaroja.com.mx\/index.php?rest_route=%2Fwp%2Fv2%2Fmedia&parent=24541"}],"wp:term":[{"taxonomy":"category","embeddable":true,"href":"https:\/\/zonaroja.com.mx\/index.php?rest_route=%2Fwp%2Fv2%2Fcategories&post=24541"},{"taxonomy":"post_tag","embeddable":true,"href":"https:\/\/zonaroja.com.mx\/index.php?rest_route=%2Fwp%2Fv2%2Ftags&post=24541"}],"curies":[{"name":"wp","href":"https:\/\/api.w.org\/{rel}","templated":true}]}}