{"id":24546,"date":"2021-03-11T18:05:05","date_gmt":"2021-03-12T00:05:05","guid":{"rendered":"http:\/\/www.zonaroja.com.mx\/?p=24546"},"modified":"2021-03-11T18:05:08","modified_gmt":"2021-03-12T00:05:08","slug":"congreso-de-oaxaca-emite-convocatoria-para-designar-a-nuevo-fiscal","status":"publish","type":"post","link":"https:\/\/zonaroja.com.mx\/?p=24546","title":{"rendered":"Congreso de Oaxaca emite convocatoria para designar a nuevo fiscal"},"content":{"rendered":"\n<p>Yuridiana Sosa\/Zona Roja.<\/p>\n\n\n\n<p>Oaxaca de Ju\u00e1rez, Oax., 11 de marzo de 2021.- El Congreso de Oaxaca, a trav\u00e9s de la Comisi\u00f3n Permanente de Administraci\u00f3n y Procuraci\u00f3n de Justicia, emiti\u00f3 la convocatoria para los aspirantes a asumir el cargo de titular de la Fiscal\u00eda General del Estado, tras la renuncia de Rub\u00e9n Vasconcelos M\u00e9ndez, el pasado 5 de marzo.<\/p>\n\n\n\n<p>La invitaci\u00f3n est\u00e1 dirigido a los profesionales de la licenciatura en Derecho, quienes deber\u00e1n presentar un escrito de intenci\u00f3n con la documentaci\u00f3n requerida, el pr\u00f3ximo martes 16 de marzo, en un horario de 09:00 a 16:00 horas en las oficinas que ocupa la presidencia de la Comisi\u00f3n Permanente, en la sede del Poder Legislativo, ubicada en el municipio de San Raymundo Jalpan.<\/p>\n\n\n\n<p>La comisi\u00f3n referida analizar\u00e1 y revisar\u00e1 el cumplimiento de los requisitos de elegibilidad en sesi\u00f3n permanente. De los aspirantes, se realizar\u00e1 una lista de diez personas, cumpliendo con los principios de pluriculturalidad, derechos humanos, paridad de g\u00e9nero y pro persona.<\/p>\n\n\n\n<p>Como parte del proceso, dicha lista se remitir\u00e1 ante el pleno de la 64 Legislatura para su aprobaci\u00f3n, para despu\u00e9s, avalada, seguir\u00e1 el proceso de remisi\u00f3n y notificaci\u00f3n de la lista de las diez personas aspirantes, al titular del Poder Ejecutivo, Alejandro Murat.<\/p>\n\n\n\n<figure class=\"wp-block-embed-twitter wp-block-embed is-type-rich is-provider-twitter\"><div class=\"wp-block-embed__wrapper\">\n<div class=\"twitter-tweet\"><blockquote class=\"twitter-tweet\" data-lang=\"es\"><p lang=\"es\" dir=\"ltr\">\ud83d\uddde <a href=\"https:\/\/twitter.com\/hashtag\/Bolet%C3%ADnDePrensa?src=hash&amp;ref_src=twsrc%5Etfw\">#Bolet\u00ednDePrensa<\/a> | Emite Congreso convocatoria para elegir al o la titular de la Fiscal\u00eda de Oaxaca<br><br>\ud83d\udd17 <a href=\"https:\/\/t.co\/Tw85k1k2Y1\">https:\/\/t.co\/Tw85k1k2Y1<\/a>  <a href=\"https:\/\/twitter.com\/hashtag\/Oaxaca?src=hash&amp;ref_src=twsrc%5Etfw\">#Oaxaca<\/a> <a href=\"https:\/\/t.co\/uL8nROZvIJ\">pic.twitter.com\/uL8nROZvIJ<\/a><\/p>&mdash; Poder Legislativo Oaxaca (@CongresoOaxLXIV) <a href=\"https:\/\/twitter.com\/CongresoOaxLXIV\/status\/1370100608464793601?ref_src=twsrc%5Etfw\">11 de marzo de 2021<\/a><\/blockquote><\/div>\n<\/div><\/figure>\n\n\n\n<p>\u201cAprobada la lista a la que se refiere la base anterior, el proceso de remisi\u00f3n y notificaci\u00f3n de la lista de las diez personas aspirantes al titular del Poder Ejecutivo, estar\u00e1 a cargo de la Presidencia de la Mesa Directiva de la 64 Legislatura Constitucional para los efectos de la fracci\u00f3n II del Apartado D del art\u00edculo 114 de la Constituci\u00f3n Pol\u00edtica del Estado Libre y Soberano de Oaxaca\u201d, indica el sexto punto de la base.<\/p>\n\n\n\n<p>Una vez recibida la terna enviada por el titular del Poder Ejecutivo, se dar\u00e1 cuenta a los integrantes de la Legislatura, para dar paso a las comparecencias de las personas que integren la lista propuesta, ante la Comisi\u00f3n Permanente de Administraci\u00f3n y Procuraci\u00f3n de Justicia.<\/p>\n\n\n\n<p>La convocatoria explica que en caso de que el titular del Poder Ejecutivo, no env\u00ede la terna, el Congreso del Estado tendr\u00e1 diez d\u00edas para designar a la persona que ocupe la titularidad de la Fiscal\u00eda de Oaxaca de entre las personas candidatas de la lista presentada ante el pleno, la cual ser\u00e1 elegida por el voto de las dos terceras partes de los miembros presentes.<\/p>\n","protected":false},"excerpt":{"rendered":"<p>Yuridiana Sosa\/Zona Roja. Oaxaca de Ju\u00e1rez, Oax., 11 de marzo de 2021.- El Congreso de&hellip;<\/p>\n","protected":false},"author":2,"featured_media":24547,"comment_status":"closed","ping_status":"open","sticky":false,"template":"","format":"standard","meta":{"_lmt_disableupdate":"","_lmt_disable":"","_jetpack_memberships_contains_paid_content":false,"footnotes":""},"categories":[109,46],"tags":[303],"class_list":["post-24546","post","type-post","status-publish","format-standard","has-post-thumbnail","hentry","category-minuto-a-minuto","category-zona-blanca","tag-congreso-del-estado-de-oaxaca"],"jetpack_featured_media_url":"https:\/\/zonaroja.com.mx\/wp-content\/uploads\/2021\/03\/Fiscalia-General-del-Estado-de-Oaxaca.jpg","jetpack_sharing_enabled":true,"_links":{"self":[{"href":"https:\/\/zonaroja.com.mx\/index.php?rest_route=\/wp\/v2\/posts\/24546","targetHints":{"allow":["GET"]}}],"collection":[{"href":"https:\/\/zonaroja.com.mx\/index.php?rest_route=\/wp\/v2\/posts"}],"about":[{"href":"https:\/\/zonaroja.com.mx\/index.php?rest_route=\/wp\/v2\/types\/post"}],"author":[{"embeddable":true,"href":"https:\/\/zonaroja.com.mx\/index.php?rest_route=\/wp\/v2\/users\/2"}],"replies":[{"embeddable":true,"href":"https:\/\/zonaroja.com.mx\/index.php?rest_route=%2Fwp%2Fv2%2Fcomments&post=24546"}],"version-history":[{"count":1,"href":"https:\/\/zonaroja.com.mx\/index.php?rest_route=\/wp\/v2\/posts\/24546\/revisions"}],"predecessor-version":[{"id":24548,"href":"https:\/\/zonaroja.com.mx\/index.php?rest_route=\/wp\/v2\/posts\/24546\/revisions\/24548"}],"wp:featuredmedia":[{"embeddable":true,"href":"https:\/\/zonaroja.com.mx\/index.php?rest_route=\/wp\/v2\/media\/24547"}],"wp:attachment":[{"href":"https:\/\/zonaroja.com.mx\/index.php?rest_route=%2Fwp%2Fv2%2Fmedia&parent=24546"}],"wp:term":[{"taxonomy":"category","embeddable":true,"href":"https:\/\/zonaroja.com.mx\/index.php?rest_route=%2Fwp%2Fv2%2Fcategories&post=24546"},{"taxonomy":"post_tag","embeddable":true,"href":"https:\/\/zonaroja.com.mx\/index.php?rest_route=%2Fwp%2Fv2%2Ftags&post=24546"}],"curies":[{"name":"wp","href":"https:\/\/api.w.org\/{rel}","templated":true}]}}