{"id":24549,"date":"2021-03-11T20:31:17","date_gmt":"2021-03-12T02:31:17","guid":{"rendered":"http:\/\/www.zonaroja.com.mx\/?p=24549"},"modified":"2021-03-11T20:31:22","modified_gmt":"2021-03-12T02:31:22","slug":"que-revise-gobernador-solicitud-del-congreso-para-destituir-a-marquez-heine-s-35","status":"publish","type":"post","link":"https:\/\/zonaroja.com.mx\/?p=24549","title":{"rendered":"Que revise gobernador solicitud del Congreso para destituir a M\u00e1rquez Heine: S-35"},"content":{"rendered":"\n<p>Yuridiana Sosa\/Zona Roja.<\/p>\n\n\n\n<p>Oaxaca de Ju\u00e1rez, Oax., 11 de marzo de 2021.- El secretario general de la Secci\u00f3n 35 del Sindicato Nacional de Trabajadores de la Secretar\u00eda de Salud (SNTSA), Mario F\u00e9lix Pacheco, se manifest\u00f3 a favor de que el gobernador Alejandro Murat analice la destituci\u00f3n del secretario de Salud, Juan Carlos M\u00e1rquez Heine, para que atienda la investigaci\u00f3n en su contra por supuesto desv\u00edo de recursos.<\/p>\n\n\n\n<p>En conferencia de prensa, opin\u00f3 sobre el exhorto aprobado ayer por el Congreso de Oaxaca para que el titular del Poder Ejecutivo solicite la separaci\u00f3n del cargo del funcionario, por las acusaciones de la Auditor\u00eda Superior de la Federaci\u00f3n (ASF) de un posible da\u00f1o al erario p\u00fablico cuando dicho funcionario estuvo al frente del Seguro Popular.<\/p>\n\n\n\n<p>\u201cSi hay pruebas de desv\u00edo, adelante, que se atienda\u201d, expres\u00f3 el dirigente sindical, quien tambi\u00e9n se limit\u00f3 en sus comentarios al respecto de este tema.<\/p>\n\n\n\n<p>Pero s\u00ed manifest\u00f3 inconformidad por la designaci\u00f3n de Jaime Raymundo Z\u00e1rate Moreno, como nuevo subsecretario de Administraci\u00f3n y Finanzas de los SSO, quien no cuenta con estudios profesionales.<\/p>\n\n\n\n<p>Expres\u00f3 que al ser un tema que directamente le compete a su titular, le han expuesto el tema en algunas reuniones, pues supuestamente es requisito contar con un t\u00edtulo acad\u00e9mico y con ello dar paso a la profesionalizaci\u00f3n en los servidores p\u00fablicos.<\/p>\n\n\n\n<figure class=\"wp-block-embed-twitter wp-block-embed is-type-rich is-provider-twitter\"><div class=\"wp-block-embed__wrapper\">\n<div class=\"twitter-tweet\"><blockquote class=\"twitter-tweet\" data-lang=\"es\"><p lang=\"es\" dir=\"ltr\">(1) En la conferencia de prensa de al Secci\u00f3n 35 del Sindicato de la Secretar\u00eda de Salud, su dirigente Mario F\u00e9lix Pacheco se pronunci\u00f3 sobre la petici\u00f3n del Congreso al gobernador de pedir la renuncia al titular de <a href=\"https:\/\/twitter.com\/SSO_GobOax?ref_src=twsrc%5Etfw\">@SSO_GobOax<\/a>, <a href=\"https:\/\/twitter.com\/JC_MarquezH?ref_src=twsrc%5Etfw\">@JC_MarquezH<\/a>, lo cual debe analizar el mandatario. <a href=\"https:\/\/t.co\/tzz3IqX1m2\">pic.twitter.com\/tzz3IqX1m2<\/a><\/p>&mdash; Zona Roja Oaxaca (@Zona_Roja_Oax) <a href=\"https:\/\/twitter.com\/Zona_Roja_Oax\/status\/1370142314123956233?ref_src=twsrc%5Etfw\">11 de marzo de 2021<\/a><\/blockquote><\/div>\n<\/div><\/figure>\n\n\n\n<p>SECTOR EXIGE VACUNAS<\/p>\n\n\n\n<p>En la conferencia en la que anunciaron su jornada de movilizaciones, la dirigencia se\u00f1al\u00f3 que hasta la fecha el 30 por ciento de sus agremiados activos, que son un aproximado de cinco mil trabajadores de salud, no han recibido la vacuna contra el covid-19.<\/p>\n\n\n\n<p>Hasta el momento cuentan con un registro de mil 834 trabajadores que han cursado la enfermedad, de los que 30 han perdido la vida.<\/p>\n\n\n\n<p>Amag\u00f3 con iniciar paro de labores a partir de ma\u00f1ana en caso de no ser escuchados y que no se atienda la petici\u00f3n de inmunizar a todo el personal, particularmente de la regi\u00f3n del Istmo de Tehuantepec, que desde hace una semana mantiene una inconformidad.<\/p>\n\n\n\n<figure class=\"wp-block-embed-twitter wp-block-embed is-type-rich is-provider-twitter\"><div class=\"wp-block-embed__wrapper\">\n<div class=\"twitter-tweet\"><blockquote class=\"twitter-tweet\" data-lang=\"es\"><p lang=\"es\" dir=\"ltr\">(2) Tambi\u00e9n, el dirigente de la Secci\u00f3n 35 del Sindicato de Salud, Mario F\u00e9lix Pacheco, critic\u00f3 la designaci\u00f3n en los <a href=\"https:\/\/twitter.com\/SSO_GobOax?ref_src=twsrc%5Etfw\">@SSO_GobOax<\/a> de Jaime Raymundo Z\u00e1rate Moreno, nuevo Subsecretario de Administraci\u00f3n y Finanzas de la dependencia, pues no cuenta con t\u00edtulo ni cedula profesional. <a href=\"https:\/\/t.co\/Mdr005ZPu4\">pic.twitter.com\/Mdr005ZPu4<\/a><\/p>&mdash; Zona Roja Oaxaca (@Zona_Roja_Oax) <a href=\"https:\/\/twitter.com\/Zona_Roja_Oax\/status\/1370160032201854977?ref_src=twsrc%5Etfw\">11 de marzo de 2021<\/a><\/blockquote><\/div>\n<\/div><\/figure>\n","protected":false},"excerpt":{"rendered":"<p>Yuridiana Sosa\/Zona Roja. Oaxaca de Ju\u00e1rez, Oax., 11 de marzo de 2021.- El secretario general&hellip;<\/p>\n","protected":false},"author":2,"featured_media":24550,"comment_status":"closed","ping_status":"open","sticky":false,"template":"","format":"standard","meta":{"_lmt_disableupdate":"","_lmt_disable":"","_jetpack_memberships_contains_paid_content":false,"footnotes":""},"categories":[109,47],"tags":[1005],"class_list":["post-24549","post","type-post","status-publish","format-standard","has-post-thumbnail","hentry","category-minuto-a-minuto","category-zona-gris","tag-servicios-de-salud-de-oaxaca-sso"],"jetpack_featured_media_url":"https:\/\/zonaroja.com.mx\/wp-content\/uploads\/2021\/03\/Conferencia-Seccion-35.jpg","jetpack_sharing_enabled":true,"_links":{"self":[{"href":"https:\/\/zonaroja.com.mx\/index.php?rest_route=\/wp\/v2\/posts\/24549","targetHints":{"allow":["GET"]}}],"collection":[{"href":"https:\/\/zonaroja.com.mx\/index.php?rest_route=\/wp\/v2\/posts"}],"about":[{"href":"https:\/\/zonaroja.com.mx\/index.php?rest_route=\/wp\/v2\/types\/post"}],"author":[{"embeddable":true,"href":"https:\/\/zonaroja.com.mx\/index.php?rest_route=\/wp\/v2\/users\/2"}],"replies":[{"embeddable":true,"href":"https:\/\/zonaroja.com.mx\/index.php?rest_route=%2Fwp%2Fv2%2Fcomments&post=24549"}],"version-history":[{"count":1,"href":"https:\/\/zonaroja.com.mx\/index.php?rest_route=\/wp\/v2\/posts\/24549\/revisions"}],"predecessor-version":[{"id":24551,"href":"https:\/\/zonaroja.com.mx\/index.php?rest_route=\/wp\/v2\/posts\/24549\/revisions\/24551"}],"wp:featuredmedia":[{"embeddable":true,"href":"https:\/\/zonaroja.com.mx\/index.php?rest_route=\/wp\/v2\/media\/24550"}],"wp:attachment":[{"href":"https:\/\/zonaroja.com.mx\/index.php?rest_route=%2Fwp%2Fv2%2Fmedia&parent=24549"}],"wp:term":[{"taxonomy":"category","embeddable":true,"href":"https:\/\/zonaroja.com.mx\/index.php?rest_route=%2Fwp%2Fv2%2Fcategories&post=24549"},{"taxonomy":"post_tag","embeddable":true,"href":"https:\/\/zonaroja.com.mx\/index.php?rest_route=%2Fwp%2Fv2%2Ftags&post=24549"}],"curies":[{"name":"wp","href":"https:\/\/api.w.org\/{rel}","templated":true}]}}