{"id":24553,"date":"2021-03-11T21:23:23","date_gmt":"2021-03-12T03:23:23","guid":{"rendered":"http:\/\/www.zonaroja.com.mx\/?p=24553"},"modified":"2021-03-11T21:23:30","modified_gmt":"2021-03-12T03:23:30","slug":"denuncian-regidoras-de-tuxtepec-violencia-politica-de-genero-por-retencion-de-salario","status":"publish","type":"post","link":"https:\/\/zonaroja.com.mx\/?p=24553","title":{"rendered":"Denuncian regidoras de Tuxtepec violencia pol\u00edtica de g\u00e9nero por retenci\u00f3n de salario"},"content":{"rendered":"\n<p>Yuridiana Sosa\/Zona Roja.<\/p>\n\n\n\n<p>San Juan Bautista Tuxtepec, Oax., 11 de marzo de 2021.- Ante la retenci\u00f3n de salarios a mujeres que laboran en distintas \u00e1reas del ayuntamiento de Tuxtepec, que encabeza No\u00e9 Ram\u00edrez Ch\u00e1vez, la S\u00edndica Hacendaria, Luz Oralia Mart\u00ednez Cumplido, anunci\u00f3 que proceder\u00e1 legalmente por esta irregularidad.<\/p>\n\n\n\n<p>En conferencia de prensa, la S\u00edndica de Hacienda y la regidora de Educaci\u00f3n Cultura y Deporte, Sonia Castro Gonz\u00e1lez, se\u00f1alaron que el agravio contra trabajadoras y trabajadores de sus \u00e1reas, es en represalia por no apoyar al edil en s u proyecto pol\u00edtico de reelecci\u00f3n.<\/p>\n\n\n\n<p>De las \u00e1reas que manifestaron su inconformidad son al menos cuatro mujeres y un hombre que se quedaron sin el pago de la quincena correspondiente del 16 al 28 de febrero, pero indicaron que podr\u00edan ser m\u00e1s, pero no todos se atreven a denunciar por temor.<\/p>\n\n\n\n<p>Mart\u00ednez Cumplido explic\u00f3 que, por medio de oficio, el pasado 5 de marzo demand\u00f3 al tesorero municipal, V\u00edctor Ferrer, informar los motivos por el cual al personal que labora a su cargo, que son tres, se les hab\u00eda retenido el pago de la quincena. Por esta misma v\u00eda Castro Gonz\u00e1lez tambi\u00e9n demand\u00f3 informaci\u00f3n a la tesorer\u00eda.<\/p>\n\n\n\n<p>Fue hasta este 10 de marzo que tuvieron respuesta, justificando que se trataba de un error de sistema, pero que el pago se aplicar\u00e1 en la quincena correspondiente al corte del 15 de marzo.<\/p>\n\n\n\n<p>Sin embargo, la S\u00edndica se\u00f1al\u00f3 que proceder\u00e1n legalmente contra esta acci\u00f3n por violencia pol\u00edtica por raz\u00f3n de g\u00e9nero.<\/p>\n\n\n\n<p>La regidora de Educaci\u00f3n asever\u00f3 que la afectaci\u00f3n se registr\u00f3 luego que ambas funcionarias manifestaran su respaldo pol\u00edtico a Mar\u00eda Luisa Vallejo, viuda del ex presidente Fernando Bautista D\u00e1vila, que buscar\u00e1 la presidencia municipal por el Partido Nueva Alianza.<\/p>\n\n\n\n<p>Entre otro de los temas denunciados, la s\u00edndica Hacendaria se\u00f1al\u00f3 que distintas \u00e1reas no le han hecho llegar las facturas y documentaci\u00f3n respectiva a las compras efectuadas de enero a la fecha, por lo que de existir m\u00e1s omisi\u00f3n volver\u00e1 a difundir esta informaci\u00f3n.<\/p>\n","protected":false},"excerpt":{"rendered":"<p>Yuridiana Sosa\/Zona Roja. San Juan Bautista Tuxtepec, Oax., 11 de marzo de 2021.- Ante la&hellip;<\/p>\n","protected":false},"author":2,"featured_media":24554,"comment_status":"closed","ping_status":"open","sticky":false,"template":"","format":"standard","meta":{"_lmt_disableupdate":"","_lmt_disable":"","_jetpack_memberships_contains_paid_content":false,"footnotes":""},"categories":[109,47],"tags":[118],"class_list":["post-24553","post","type-post","status-publish","format-standard","has-post-thumbnail","hentry","category-minuto-a-minuto","category-zona-gris","tag-san-juan-bautista-tuxtepec"],"jetpack_featured_media_url":"https:\/\/zonaroja.com.mx\/wp-content\/uploads\/2021\/03\/Denuncia-Tuxtepec-violencia.jpg","jetpack_sharing_enabled":true,"_links":{"self":[{"href":"https:\/\/zonaroja.com.mx\/index.php?rest_route=\/wp\/v2\/posts\/24553","targetHints":{"allow":["GET"]}}],"collection":[{"href":"https:\/\/zonaroja.com.mx\/index.php?rest_route=\/wp\/v2\/posts"}],"about":[{"href":"https:\/\/zonaroja.com.mx\/index.php?rest_route=\/wp\/v2\/types\/post"}],"author":[{"embeddable":true,"href":"https:\/\/zonaroja.com.mx\/index.php?rest_route=\/wp\/v2\/users\/2"}],"replies":[{"embeddable":true,"href":"https:\/\/zonaroja.com.mx\/index.php?rest_route=%2Fwp%2Fv2%2Fcomments&post=24553"}],"version-history":[{"count":1,"href":"https:\/\/zonaroja.com.mx\/index.php?rest_route=\/wp\/v2\/posts\/24553\/revisions"}],"predecessor-version":[{"id":24555,"href":"https:\/\/zonaroja.com.mx\/index.php?rest_route=\/wp\/v2\/posts\/24553\/revisions\/24555"}],"wp:featuredmedia":[{"embeddable":true,"href":"https:\/\/zonaroja.com.mx\/index.php?rest_route=\/wp\/v2\/media\/24554"}],"wp:attachment":[{"href":"https:\/\/zonaroja.com.mx\/index.php?rest_route=%2Fwp%2Fv2%2Fmedia&parent=24553"}],"wp:term":[{"taxonomy":"category","embeddable":true,"href":"https:\/\/zonaroja.com.mx\/index.php?rest_route=%2Fwp%2Fv2%2Fcategories&post=24553"},{"taxonomy":"post_tag","embeddable":true,"href":"https:\/\/zonaroja.com.mx\/index.php?rest_route=%2Fwp%2Fv2%2Ftags&post=24553"}],"curies":[{"name":"wp","href":"https:\/\/api.w.org\/{rel}","templated":true}]}}