{"id":24557,"date":"2021-03-11T22:05:55","date_gmt":"2021-03-12T04:05:55","guid":{"rendered":"http:\/\/www.zonaroja.com.mx\/?p=24557"},"modified":"2021-03-11T22:06:00","modified_gmt":"2021-03-12T04:06:00","slug":"pide-diputado-gobierno-de-oaxaca-y-ediles-acciones-contra-la-escasez-de-agua","status":"publish","type":"post","link":"https:\/\/zonaroja.com.mx\/?p=24557","title":{"rendered":"Pide diputado gobierno de Oaxaca y ediles acciones contra la escasez de agua"},"content":{"rendered":"\n<p>Redacci\u00f3n\/Zona Roja.<\/p>\n\n\n\n<p>Oaxaca de Ju\u00e1rez, Oax., 11 de marzo de 2021.- Derivado de los actuales niveles de explotaci\u00f3n, los mantos acu\u00edferos que abastecen de agua potable a m\u00e1s de un mill\u00f3n de personas en la regi\u00f3n de los&nbsp; Valles Centrales de Oaxaca, se agotar\u00edan en 25 a\u00f1os, coinciden especialistas.<\/p>\n\n\n\n<p>Ante ello, el diputado local por el Partido Morena, Horacio Sosa Villavicencio, solicit\u00f3 al gobernador de Oaxaca, Alejandro Murat Hinojosa, y a las autoridades municipales de la entidad, emprender acciones para la preservaci\u00f3n del vital l\u00edquido.<\/p>\n\n\n\n<p>Pidi\u00f3 retomar ejemplos que desde los escenarios municipales han emprendido comunidades de Oaxaca, en donde a trav\u00e9s de la construcci\u00f3n de represas y zanjas bordo han logrado la retenci\u00f3n de agua de lluvia y en consecuencia la alimentaci\u00f3n de los mantos acu\u00edferos para evitar que \u00e9stos se sequen.<\/p>\n\n\n\n<figure class=\"wp-block-embed-twitter wp-block-embed is-type-rich is-provider-twitter\"><div class=\"wp-block-embed__wrapper\">\n<div class=\"twitter-tweet\"><blockquote class=\"twitter-tweet\" data-lang=\"es\"><p lang=\"es\" dir=\"ltr\">\ud83d\udca7Especialistas de <a href=\"https:\/\/twitter.com\/hashtag\/Oaxaca?src=hash&amp;ref_src=twsrc%5Etfw\">#Oaxaca<\/a> han se\u00f1alado que en 25 a\u00f1os los Valles Centrales se secar\u00edan, por ello, he solicitado al <a href=\"https:\/\/twitter.com\/GobOax?ref_src=twsrc%5Etfw\">@GobOax<\/a> y a las autoridades municipales invertir en obras que permitan la retenci\u00f3n de agua y la alimentaci\u00f3n de los mantos ac\u00faiferos. <a href=\"https:\/\/t.co\/PPXF0V67V9\">pic.twitter.com\/PPXF0V67V9<\/a><\/p>&mdash; Horacio Sosa Villavicencio (@HoracioSosaOax) <a href=\"https:\/\/twitter.com\/HoracioSosaOax\/status\/1369812791260049409?ref_src=twsrc%5Etfw\">11 de marzo de 2021<\/a><\/blockquote><\/div>\n<\/div><\/figure>\n\n\n\n<p>Se\u00f1al\u00f3 que el acu\u00edfero de Valles Centrales est\u00e1 integrado por cuatro microcuencas ubicadas en San Bartolo Coyotepec, Tlacolula de Matamoros, Oaxaca de Ju\u00e1rez y Ocotl\u00e1n de Morelos.<\/p>\n\n\n\n<p>En ellos se han identificado 143 n\u00facleos agrarios y se registra un consumo anual de 121.8 millones de metros c\u00fabicos de agua, los cuales deben ser alimentados con la construcci\u00f3n de represas, retenes de agua o zanjas bordo.<\/p>\n\n\n\n<p>Sosa Villavicencio record\u00f3 que, en el a\u00f1o 2013, cuando era presidente municipal de San Bartolo Coyotepec, la comunidad recibi\u00f3 el premio nacional \u201cGobierno y Gesti\u00f3n Local 2013\u201d, otorgado al programa Municipio Ambientalmente Responsable que impuls\u00f3 con el fin de recuperar el entorno natural de esa localidad cercana a la capital del estado, dentro de las acciones emprendidas destacaron las construcciones de zanjas bordos y represas.<\/p>\n","protected":false},"excerpt":{"rendered":"<p>Redacci\u00f3n\/Zona Roja. Oaxaca de Ju\u00e1rez, Oax., 11 de marzo de 2021.- Derivado de los actuales&hellip;<\/p>\n","protected":false},"author":2,"featured_media":24558,"comment_status":"closed","ping_status":"open","sticky":false,"template":"","format":"standard","meta":{"_lmt_disableupdate":"","_lmt_disable":"","_jetpack_memberships_contains_paid_content":false,"footnotes":""},"categories":[109,46],"tags":[444],"class_list":["post-24557","post","type-post","status-publish","format-standard","has-post-thumbnail","hentry","category-minuto-a-minuto","category-zona-blanca","tag-horacio-sosa-villavicencio"],"jetpack_featured_media_url":"https:\/\/zonaroja.com.mx\/wp-content\/uploads\/2021\/03\/Diputado-Horacio-Sosa-Villavicencio-2-1.jpeg","jetpack_sharing_enabled":true,"_links":{"self":[{"href":"https:\/\/zonaroja.com.mx\/index.php?rest_route=\/wp\/v2\/posts\/24557","targetHints":{"allow":["GET"]}}],"collection":[{"href":"https:\/\/zonaroja.com.mx\/index.php?rest_route=\/wp\/v2\/posts"}],"about":[{"href":"https:\/\/zonaroja.com.mx\/index.php?rest_route=\/wp\/v2\/types\/post"}],"author":[{"embeddable":true,"href":"https:\/\/zonaroja.com.mx\/index.php?rest_route=\/wp\/v2\/users\/2"}],"replies":[{"embeddable":true,"href":"https:\/\/zonaroja.com.mx\/index.php?rest_route=%2Fwp%2Fv2%2Fcomments&post=24557"}],"version-history":[{"count":1,"href":"https:\/\/zonaroja.com.mx\/index.php?rest_route=\/wp\/v2\/posts\/24557\/revisions"}],"predecessor-version":[{"id":24559,"href":"https:\/\/zonaroja.com.mx\/index.php?rest_route=\/wp\/v2\/posts\/24557\/revisions\/24559"}],"wp:featuredmedia":[{"embeddable":true,"href":"https:\/\/zonaroja.com.mx\/index.php?rest_route=\/wp\/v2\/media\/24558"}],"wp:attachment":[{"href":"https:\/\/zonaroja.com.mx\/index.php?rest_route=%2Fwp%2Fv2%2Fmedia&parent=24557"}],"wp:term":[{"taxonomy":"category","embeddable":true,"href":"https:\/\/zonaroja.com.mx\/index.php?rest_route=%2Fwp%2Fv2%2Fcategories&post=24557"},{"taxonomy":"post_tag","embeddable":true,"href":"https:\/\/zonaroja.com.mx\/index.php?rest_route=%2Fwp%2Fv2%2Ftags&post=24557"}],"curies":[{"name":"wp","href":"https:\/\/api.w.org\/{rel}","templated":true}]}}