{"id":24564,"date":"2021-03-12T07:35:52","date_gmt":"2021-03-12T13:35:52","guid":{"rendered":"http:\/\/www.zonaroja.com.mx\/?p=24564"},"modified":"2021-03-12T07:35:56","modified_gmt":"2021-03-12T13:35:56","slug":"culpa-murat-al-gobierno-de-lopez-obrador-del-desastre-en-vacunacion","status":"publish","type":"post","link":"https:\/\/zonaroja.com.mx\/?p=24564","title":{"rendered":"Culpa Murat al gobierno de L\u00f3pez Obrador del \u201cdesastre\u201d en vacunaci\u00f3n"},"content":{"rendered":"\n<p>Redacci\u00f3n\/Estado 20.<\/p>\n\n\n\n<p>Oaxaca de Ju\u00e1rez, Oax., 12 de marzo de 2021.- El gobernador de Oaxaca, Alejandro Murat, calific\u00f3 como \u201cdesastre\u201d el conflicto de ayer en Santa Luc\u00eda del Camino por la falta de vacunas, que deriv\u00f3 en violencia, y culp\u00f3 de ello al gobierno del Presidente Andr\u00e9s Manuel L\u00f3pez Obrador.<\/p>\n\n\n\n<p>\u201cLa vacunaci\u00f3n es un desastre (\u2026). El caos es culpa de que no hubo una buena planeaci\u00f3n. (La vacunaci\u00f3n) la encabeza hoy el \u00e1rea de (la Secretar\u00eda de) Bienestar. Nancy Ortiz es la delegada en el estado\u201d, dijo Alejandro Murat en entrevista de radio para \u201cAs\u00ed las Cosas\u201d con Carlos Loret de Mola.<\/p>\n\n\n\n<p>El gobernador de Oaxaca coment\u00f3 que la comunicaci\u00f3n entre el gobierno estatal y federal hab\u00eda sido buena hasta que comenz\u00f3 la entrega de vacunas contra Covid-19 en la entidad.<\/p>\n\n\n\n<p>Se\u00f1al\u00f3 que, pese a ofrecer facilidades para la aplicaci\u00f3n de las dosis, los encargados le dijeron que ya estaban definidos los protocolos. Actualmente, dijo Murat, lo \u00fanico que hace el gobierno del estado es \u201cir a poner las vacunas\u201d.<\/p>\n\n\n\n<p>En otra entrevista, con Denise Maerker, Alejandro Murat coment\u00f3 que en la reuni\u00f3n de seguridad realizada el martes, \u00e9l propuso realizar una nueva estrategia de vacunaci\u00f3n para reducir los problemas.<\/p>\n\n\n\n<p>\u201cHay un caos, s\u00ed lo hay. En este momento est\u00e1 el secretario de gobierno (de Oaxaca) con la delegada del Bienestar y el presidente municipal afectado para calmar la situaci\u00f3n que hay en Santa Luc\u00eda\u201d, dijo Murat.<\/p>\n\n\n\n<p>El Consejo de Salubridad General (CSG) defini\u00f3 que los delegados del bienestar, es decir, funcionarios del gobierno federal, se encarguen de la log\u00edstica en la entrega de vacunas contra Covid-19 a los estados.<\/p>\n\n\n\n<p>El mi\u00e9rcoles y jueves, en Santa Luc\u00eda del Camino hubo protestas con al menos una docena de bloqueos a vialidades de acceso a la capital, as\u00ed como quema de llantas, violencia por intento de retenci\u00f3n de la delegada de Bienestar y la detenci\u00f3n de un individuo con arma de fuego.<\/p>\n\n\n\n<figure class=\"wp-block-image size-large\"><img decoding=\"async\" width=\"1024\" height=\"576\" src=\"http:\/\/www.zonaroja.com.mx\/wp-content\/uploads\/2021\/03\/Volencia-vacunacion-Santa-Lucia-armado-1024x576.jpg\" alt=\"\" class=\"wp-image-24566\" srcset=\"https:\/\/zonaroja.com.mx\/wp-content\/uploads\/2021\/03\/Volencia-vacunacion-Santa-Lucia-armado-1024x576.jpg 1024w, https:\/\/zonaroja.com.mx\/wp-content\/uploads\/2021\/03\/Volencia-vacunacion-Santa-Lucia-armado-300x169.jpg 300w, https:\/\/zonaroja.com.mx\/wp-content\/uploads\/2021\/03\/Volencia-vacunacion-Santa-Lucia-armado-768x432.jpg 768w, https:\/\/zonaroja.com.mx\/wp-content\/uploads\/2021\/03\/Volencia-vacunacion-Santa-Lucia-armado-1170x658.jpg 1170w, https:\/\/zonaroja.com.mx\/wp-content\/uploads\/2021\/03\/Volencia-vacunacion-Santa-Lucia-armado-585x329.jpg 585w, https:\/\/zonaroja.com.mx\/wp-content\/uploads\/2021\/03\/Volencia-vacunacion-Santa-Lucia-armado.jpg 1280w\" sizes=\"(max-width: 1024px) 100vw, 1024px\" \/><\/figure>\n\n\n\n<p>VACUNAN A \u201cSERVIDORES\u201d<\/p>\n\n\n\n<p>Previo a ello, por la ma\u00f1ana de ayer en audios difundidos se escucha a funcionarios de la dependencia federal llamar a los \u201cServidores de la Naci\u00f3n\u201d a acudir para aplicarse la vacuna y confirman que muchas de ellas, que estaban destinadas para los adultos mayores de Oaxaca, se desviaron para favorecer a los trabajadores de la Secretar\u00eda.<\/p>\n\n\n\n<p>A\u00edda Valencia, directora regional de los Programas Sociales en Valles Centrales, llama en uno de los audios enviados a trav\u00e9s de WhatsApp a los \u201cServidores de la Naci\u00f3n\u201d que acudan al Hospital de la Mujer y el Ni\u00f1o Oaxaque\u00f1o ubicado en San Bartolo Coyotepec para vacunarse.<\/p>\n\n\n\n<p>\u201cHola compa\u00f1eros, los que se anotaron con la compa\u00f1era Yasira v\u00e1yanse por favor a donde est\u00e1 Fernando, al Hospital de la Mujer y el Ni\u00f1o Oaxaque\u00f1o en Ciudad Judicial, pero eso es urgente.<\/p>\n\n\n\n<p>\u201cHola compa\u00f1eros y compa\u00f1eras, por favor m\u00e1ndenme de inmediato cu\u00e1ntos les falta la vacuna, Servidores de la Naci\u00f3n y por supuesta nuestras compa\u00f1eras Ubas, levanten la mano y rep\u00f3rtense de inmediato con la ingeniera Yasira que en este momento les voy a dar la indicaci\u00f3n para que tomen sus datos, pero es urgente chicos\u201d, se escucha en las grabaciones.<\/p>\n\n\n\n<p>Tambi\u00e9n se difundieron capturas de pantalla de las conversaciones en WhatsApp entre los \u201cServidores de la Naci\u00f3n\u201d y los funcionarios de la Secretar\u00eda del Bienestar de Oaxaca, en la que se\u00f1alaban a qui\u00e9nes a\u00fan no les hab\u00edan aplicado la vacuna contra el Covid-19.<\/p>\n","protected":false},"excerpt":{"rendered":"<p>Redacci\u00f3n\/Estado 20. Oaxaca de Ju\u00e1rez, Oax., 12 de marzo de 2021.- El gobernador de Oaxaca,&hellip;<\/p>\n","protected":false},"author":2,"featured_media":24565,"comment_status":"closed","ping_status":"open","sticky":false,"template":"","format":"standard","meta":{"_lmt_disableupdate":"","_lmt_disable":"","_jetpack_memberships_contains_paid_content":false,"footnotes":""},"categories":[109,47],"tags":[173],"class_list":["post-24564","post","type-post","status-publish","format-standard","has-post-thumbnail","hentry","category-minuto-a-minuto","category-zona-gris","tag-alejandro-murat-hinojosa"],"jetpack_featured_media_url":"https:\/\/zonaroja.com.mx\/wp-content\/uploads\/2021\/03\/Violencia-vacunacion-Santa-Lucia.jpg","jetpack_sharing_enabled":true,"_links":{"self":[{"href":"https:\/\/zonaroja.com.mx\/index.php?rest_route=\/wp\/v2\/posts\/24564","targetHints":{"allow":["GET"]}}],"collection":[{"href":"https:\/\/zonaroja.com.mx\/index.php?rest_route=\/wp\/v2\/posts"}],"about":[{"href":"https:\/\/zonaroja.com.mx\/index.php?rest_route=\/wp\/v2\/types\/post"}],"author":[{"embeddable":true,"href":"https:\/\/zonaroja.com.mx\/index.php?rest_route=\/wp\/v2\/users\/2"}],"replies":[{"embeddable":true,"href":"https:\/\/zonaroja.com.mx\/index.php?rest_route=%2Fwp%2Fv2%2Fcomments&post=24564"}],"version-history":[{"count":1,"href":"https:\/\/zonaroja.com.mx\/index.php?rest_route=\/wp\/v2\/posts\/24564\/revisions"}],"predecessor-version":[{"id":24567,"href":"https:\/\/zonaroja.com.mx\/index.php?rest_route=\/wp\/v2\/posts\/24564\/revisions\/24567"}],"wp:featuredmedia":[{"embeddable":true,"href":"https:\/\/zonaroja.com.mx\/index.php?rest_route=\/wp\/v2\/media\/24565"}],"wp:attachment":[{"href":"https:\/\/zonaroja.com.mx\/index.php?rest_route=%2Fwp%2Fv2%2Fmedia&parent=24564"}],"wp:term":[{"taxonomy":"category","embeddable":true,"href":"https:\/\/zonaroja.com.mx\/index.php?rest_route=%2Fwp%2Fv2%2Fcategories&post=24564"},{"taxonomy":"post_tag","embeddable":true,"href":"https:\/\/zonaroja.com.mx\/index.php?rest_route=%2Fwp%2Fv2%2Ftags&post=24564"}],"curies":[{"name":"wp","href":"https:\/\/api.w.org\/{rel}","templated":true}]}}