{"id":24568,"date":"2021-03-12T07:44:18","date_gmt":"2021-03-12T13:44:18","guid":{"rendered":"http:\/\/www.zonaroja.com.mx\/?p=24568"},"modified":"2021-03-12T12:37:00","modified_gmt":"2021-03-12T18:37:00","slug":"opinion-el-feminismo-ante-lopez-obrador","status":"publish","type":"post","link":"https:\/\/zonaroja.com.mx\/?p=24568","title":{"rendered":"Opini\u00f3n. El feminismo ante L\u00f3pez Obrador"},"content":{"rendered":"\n<p>Porfirio Flores*<\/p>\n\n\n\n<p>El 8 de marzo se ha convertido en una fecha emblem\u00e1tica para el movimiento feminista de M\u00e9xico. En los \u00faltimos dos a\u00f1os diversos colectivos han convertido ese d\u00eda en una oportunidad para manifestar y expresar antiguas y nuevas demandas. La gran diferencia en estos \u00faltimos tiempos es la violencia exacerbada con que acompa\u00f1an sus marchas.<\/p>\n\n\n\n<p>La celebraci\u00f3n data de 1975 cuando la Organizaci\u00f3n de las Naciones Unidas (ONU) declar\u00f3 el 8 de marzo como la fecha internacional para conmemorar la lucha de las mujeres a lo largo de la historia. En M\u00e9xico, mucho antes que la ONU, definiera una fecha, a partir del 1961 cada 15 de febrero se estableci\u00f3 como el D\u00eda de la Mujer en el calendario c\u00edvico.<\/p>\n\n\n\n<p>Sin embargo, esta conmemoraci\u00f3n pas\u00f3 desapercibida y finalmente el movimiento feminista mexicano tom\u00f3 el 8 de marzo como la fecha para manifestarse p\u00fablicamente. Fue a finales de la d\u00e9cada de los 90 cuando se comenz\u00f3 a apreciar con m\u00e1s contundencia esta conmemoraci\u00f3n.<\/p>\n\n\n\n<p>Haciendo cuentas, desde hace 20 a\u00f1os, en M\u00e9xico el 8 de marzo forma parte del paisaje social. En los sexenios de Vicente Fox, Felipe Calder\u00f3n y Enrique Pe\u00f1a, las mujeres sal\u00edan a la calle para mantener vigente la lucha de sus antecesoras por mejores condiciones laborales, pol\u00edticas, sociales y econ\u00f3micas.<\/p>\n\n\n\n<p>No obstante, es imposible se\u00f1alar que las ediciones de los a\u00f1os 2019, 2020 y 2021 &#8211;mandato de Andr\u00e9s Manuel L\u00f3pez Obrador&#8211; han tenido un cariz cada vez m\u00e1s violento, aunque quienes miran con simpat\u00eda el movimiento feminista justifican al cien por ciento los desmanes y destrucci\u00f3n que dejan a su paso los contingentes ese d\u00eda.<\/p>\n\n\n\n<p>Edificios p\u00fablicos, monumentos hist\u00f3ricos, servicios p\u00fablicos (como el metro en la Ciudad de M\u00e9xico), as\u00ed como comercios e incluso iglesias son pintarrajeadas, y da\u00f1adas bajo el argumento de que sirven para llamar la atenci\u00f3n por los feminicidios en todo el pa\u00eds, lo que provoca un sabor agridulce en quienes apoyan la causa, pero resienten gravemente la violencia a edificios y personas.<\/p>\n\n\n\n<p>La edici\u00f3n 2021 tuvo como marco dos hechos que generaron gran malestar entre los colectivos feministas: la candidatura al gobierno de Guerrero de F\u00e9lix Salgado Macedonio, un pol\u00edtico del partido oficial Morena acusado de violaci\u00f3n, y la valla que protegi\u00f3 al Palacio Nacional.<\/p>\n\n\n\n<p>Sin embargo, ambos factores o hechos de ning\u00fan modo desmantelaron la percepci\u00f3n presidencial que detr\u00e1s del movimiento feminista hay intereses creados que tienen como objetivo minar su gobierno y en ese sentido ya ha trazado la ruta de su gobierno frente al feminismo que prospera en las calles.<\/p>\n\n\n\n<p>Justo ahora se libra una batalla, por un lado, las feministas y sus grandes aliados en medios de comunicaci\u00f3n y partidos pol\u00edticos, han convertido la fecha y el tema en el gran ariete para exigir al presidente empat\u00eda con ellas, pero del lado del gobierno se mantendr\u00e1 la posici\u00f3n de que ese movimiento est\u00e1 engrandecido artificialmente.<\/p>\n\n\n\n<p>El feminismo parece haber tomado partido y el Presidente Andr\u00e9s Manuel L\u00f3pez Obrador se ha atrincherado para resistirlo. La primera gran escaramuza fue el pasado 8 de marzo en la que resaltaron las grandes diferencias conceptuales del problema de las mujeres en M\u00e9xico.<\/p>\n\n\n\n<p>* Periodista y licenciado en Derecho.<\/p>\n","protected":false},"excerpt":{"rendered":"<p>Porfirio Flores* El 8 de marzo se ha convertido en una fecha emblem\u00e1tica para el&hellip;<\/p>\n","protected":false},"author":2,"featured_media":24569,"comment_status":"closed","ping_status":"open","sticky":false,"template":"","format":"standard","meta":{"_lmt_disableupdate":"","_lmt_disable":"","_jetpack_memberships_contains_paid_content":false,"footnotes":""},"categories":[456,109],"tags":[2515],"class_list":["post-24568","post","type-post","status-publish","format-standard","has-post-thumbnail","hentry","category-columna","category-minuto-a-minuto","tag-porfirio-flores-zuniga"],"jetpack_featured_media_url":"https:\/\/zonaroja.com.mx\/wp-content\/uploads\/2021\/03\/Porfirio-Flores-Zuniga.jpg","jetpack_sharing_enabled":true,"_links":{"self":[{"href":"https:\/\/zonaroja.com.mx\/index.php?rest_route=\/wp\/v2\/posts\/24568","targetHints":{"allow":["GET"]}}],"collection":[{"href":"https:\/\/zonaroja.com.mx\/index.php?rest_route=\/wp\/v2\/posts"}],"about":[{"href":"https:\/\/zonaroja.com.mx\/index.php?rest_route=\/wp\/v2\/types\/post"}],"author":[{"embeddable":true,"href":"https:\/\/zonaroja.com.mx\/index.php?rest_route=\/wp\/v2\/users\/2"}],"replies":[{"embeddable":true,"href":"https:\/\/zonaroja.com.mx\/index.php?rest_route=%2Fwp%2Fv2%2Fcomments&post=24568"}],"version-history":[{"count":2,"href":"https:\/\/zonaroja.com.mx\/index.php?rest_route=\/wp\/v2\/posts\/24568\/revisions"}],"predecessor-version":[{"id":24580,"href":"https:\/\/zonaroja.com.mx\/index.php?rest_route=\/wp\/v2\/posts\/24568\/revisions\/24580"}],"wp:featuredmedia":[{"embeddable":true,"href":"https:\/\/zonaroja.com.mx\/index.php?rest_route=\/wp\/v2\/media\/24569"}],"wp:attachment":[{"href":"https:\/\/zonaroja.com.mx\/index.php?rest_route=%2Fwp%2Fv2%2Fmedia&parent=24568"}],"wp:term":[{"taxonomy":"category","embeddable":true,"href":"https:\/\/zonaroja.com.mx\/index.php?rest_route=%2Fwp%2Fv2%2Fcategories&post=24568"},{"taxonomy":"post_tag","embeddable":true,"href":"https:\/\/zonaroja.com.mx\/index.php?rest_route=%2Fwp%2Fv2%2Ftags&post=24568"}],"curies":[{"name":"wp","href":"https:\/\/api.w.org\/{rel}","templated":true}]}}