{"id":24571,"date":"2021-03-12T07:58:55","date_gmt":"2021-03-12T13:58:55","guid":{"rendered":"http:\/\/www.zonaroja.com.mx\/?p=24571"},"modified":"2021-03-12T07:58:58","modified_gmt":"2021-03-12T13:58:58","slug":"tension-en-chimalapa-por-deforestacion-de-15-hectareas-advierten-desalojo-de-chiapanecos","status":"publish","type":"post","link":"https:\/\/zonaroja.com.mx\/?p=24571","title":{"rendered":"Tensi\u00f3n en Chimalapa por deforestaci\u00f3n de 15 hect\u00e1reas; advierten desalojo de chiapanecos"},"content":{"rendered":"\n<p>Yuridiana Sosa\/Zona Roja.<\/p>\n\n\n\n<p>Oaxaca de Ju\u00e1rez, Oax., 12 de marzo de 2021.- Autoridades, comuneros y poblaci\u00f3n de San Miguel Chimapala, en la regi\u00f3n del Istmo, exigen al gobierno de Oaxaca y al federal, su inmediata intervenci\u00f3n para desalojar por la v\u00eda legal a habitantes de Chiapas, a quienes acusan de la deforestaci\u00f3n de 15 hect\u00e1reas de selva.<\/p>\n\n\n\n<p>En asamblea general realizada este mi\u00e9rcoles en la comunidad de San Antonio, &nbsp;autoridades encabezadas por el presidente del Comisariado de Bienes Comunales del N\u00facleo de San Miguel Chimalapa, Artemio Mart\u00ednez Hern\u00e1ndez, decidieron intervenir por cuenta propia en el desalojo si las autoridades no atienden el problema en un t\u00e9rmino de 24 horas.<\/p>\n\n\n\n<p>Los afectados se\u00f1alaron que desde el pasado 16 de febrero realizaron la denuncia formal de los hechos ante la Procuradur\u00eda Federal de Protecci\u00f3n al Ambiente (Profepa), cuando ten\u00edan en registro unas ocho hect\u00e1reas devastadas.<\/p>\n\n\n\n<p>A la fecha son aproximadamente 15 hect\u00e1reas las siniestradas de la zona oriente de los Chimalapa, por lo que demandan el desalojo de ejidatarios y propietarios del ejido Nueva Tenochtitlan (Rizos de oro), del municipio de Cintalapa, del estado de Chiapas.<\/p>\n\n\n\n<p>El acuerdo tambi\u00e9n lo tom\u00f3 la autoridad del Consejo de Vigilancia, de Asuntos Agrarios, Regidor de Ecolog\u00eda, 16 secretarios auxiliares de Bienes Comunales y comuneros.<\/p>\n","protected":false},"excerpt":{"rendered":"<p>Yuridiana Sosa\/Zona Roja. Oaxaca de Ju\u00e1rez, Oax., 12 de marzo de 2021.- Autoridades, comuneros y&hellip;<\/p>\n","protected":false},"author":2,"featured_media":24572,"comment_status":"closed","ping_status":"open","sticky":false,"template":"","format":"standard","meta":{"_lmt_disableupdate":"","_lmt_disable":"","_jetpack_memberships_contains_paid_content":false,"footnotes":""},"categories":[109,47],"tags":[967],"class_list":["post-24571","post","type-post","status-publish","format-standard","has-post-thumbnail","hentry","category-minuto-a-minuto","category-zona-gris","tag-san-miguel-chimalapa"],"jetpack_featured_media_url":"https:\/\/zonaroja.com.mx\/wp-content\/uploads\/2021\/03\/San-Miguel-Chimalapa.jpg","jetpack_sharing_enabled":true,"_links":{"self":[{"href":"https:\/\/zonaroja.com.mx\/index.php?rest_route=\/wp\/v2\/posts\/24571","targetHints":{"allow":["GET"]}}],"collection":[{"href":"https:\/\/zonaroja.com.mx\/index.php?rest_route=\/wp\/v2\/posts"}],"about":[{"href":"https:\/\/zonaroja.com.mx\/index.php?rest_route=\/wp\/v2\/types\/post"}],"author":[{"embeddable":true,"href":"https:\/\/zonaroja.com.mx\/index.php?rest_route=\/wp\/v2\/users\/2"}],"replies":[{"embeddable":true,"href":"https:\/\/zonaroja.com.mx\/index.php?rest_route=%2Fwp%2Fv2%2Fcomments&post=24571"}],"version-history":[{"count":1,"href":"https:\/\/zonaroja.com.mx\/index.php?rest_route=\/wp\/v2\/posts\/24571\/revisions"}],"predecessor-version":[{"id":24573,"href":"https:\/\/zonaroja.com.mx\/index.php?rest_route=\/wp\/v2\/posts\/24571\/revisions\/24573"}],"wp:featuredmedia":[{"embeddable":true,"href":"https:\/\/zonaroja.com.mx\/index.php?rest_route=\/wp\/v2\/media\/24572"}],"wp:attachment":[{"href":"https:\/\/zonaroja.com.mx\/index.php?rest_route=%2Fwp%2Fv2%2Fmedia&parent=24571"}],"wp:term":[{"taxonomy":"category","embeddable":true,"href":"https:\/\/zonaroja.com.mx\/index.php?rest_route=%2Fwp%2Fv2%2Fcategories&post=24571"},{"taxonomy":"post_tag","embeddable":true,"href":"https:\/\/zonaroja.com.mx\/index.php?rest_route=%2Fwp%2Fv2%2Ftags&post=24571"}],"curies":[{"name":"wp","href":"https:\/\/api.w.org\/{rel}","templated":true}]}}