{"id":24581,"date":"2021-03-12T16:22:01","date_gmt":"2021-03-12T22:22:01","guid":{"rendered":"http:\/\/www.zonaroja.com.mx\/?p=24581"},"modified":"2021-03-12T16:22:06","modified_gmt":"2021-03-12T22:22:06","slug":"tras-el-caos-inicia-vacunacion-con-orden-pero-sin-informacion-especial","status":"publish","type":"post","link":"https:\/\/zonaroja.com.mx\/?p=24581","title":{"rendered":"Tras el caos, inicia vacunaci\u00f3n con orden, pero sin informaci\u00f3n especial"},"content":{"rendered":"\n<p>Yuridiana Sosa\/Zona Roja.<\/p>\n\n\n\n<p>Oaxaca de Ju\u00e1rez, Oax., 12 de marzo de 2021.- Don Wilfrido, septuagenario, vive a unos metros del puesto de vacunaci\u00f3n; lleg\u00f3 desde temprano este viernes a formarse en la fila para alcanzar la vacuna contra el Covid, en Santa Luc\u00eda del Camino.<\/p>\n\n\n\n<p>Est\u00e1 contento porque finalmente podr\u00e1 inmunizarse; lleva todos los documentos en regla. Sin embargo, su esposa est\u00e1 en otra condici\u00f3n, y nadie puede darle informes sobre qu\u00e9 hacer; con lo \u00fanico que se ha topado es con polic\u00edas.<\/p>\n\n\n\n<p>Y es que luego de un d\u00eda de caos y violencia, en Santa Luc\u00eda vuelve la calma con el inicio de la vacunaci\u00f3n contra el Covid para los adultos mayores, al igual que en otros 10 municipios de los Valles Centrales de Oaxaca.<\/p>\n\n\n\n<p>La estrategia para mantener el orden en la jornada, planeada por la autoridad municipal, de citar por colonias y horarios a los beneficiarios se implement\u00f3 sin contratiempos, pero nuevamente la atenci\u00f3n m\u00e9dica o especializada por parte de la Secretar\u00eda de Bienestar fall\u00f3.<\/p>\n\n\n\n<p>Don Wilfrido Acevedo, un adulto mayor, padece de la falta de atenci\u00f3n o asesor\u00eda de para dar soluci\u00f3n a un problema m\u00e9dico y evitar reacciones adversas de la vacuna.<\/p>\n\n\n\n<p>Con documentos en mano, protegido con cubrebocas y careta, se acerc\u00f3 al acceso del punto de vacunaci\u00f3n de la colonia Las Flores, pero en el lugar s\u00f3lo se encuentran polic\u00edas municipales. El personal de vacunaci\u00f3n se ubica a\u00fan varios metros a dentro.<\/p>\n\n\n\n<figure class=\"wp-block-embed-twitter wp-block-embed is-type-rich is-provider-twitter\"><div class=\"wp-block-embed__wrapper\">\n<div class=\"twitter-tweet\"><blockquote class=\"twitter-tweet\" data-lang=\"es\"><p lang=\"es\" dir=\"ltr\"><a href=\"https:\/\/twitter.com\/hashtag\/ENVIVO?src=hash&amp;ref_src=twsrc%5Etfw\">#ENVIVO<\/a> <br>Santa Luc\u00eda del Camino, Oax., 12 de marzo de 2021. Tras la jornada violenta por la suspensi\u00f3n de la vacunaci\u00f3n, este d\u00eda reinicia la aplicaci\u00f3n del inmunol\u00f3gico contra el Covid-19 en Santa Luc\u00eda del Camino y otros municipios.<br>Transmisi\u00f3n:<br>\ud83d\udc47<a href=\"https:\/\/t.co\/0gcgVi5FWq\">https:\/\/t.co\/0gcgVi5FWq<\/a> <a href=\"https:\/\/t.co\/2aYyhFOzLr\">pic.twitter.com\/2aYyhFOzLr<\/a><\/p>&mdash; Zona Roja Oaxaca (@Zona_Roja_Oax) <a href=\"https:\/\/twitter.com\/Zona_Roja_Oax\/status\/1370426858764783618?ref_src=twsrc%5Etfw\">12 de marzo de 2021<\/a><\/blockquote><\/div>\n<\/div><\/figure>\n\n\n\n<p>SIN AYUDA<\/p>\n\n\n\n<p>\u201cMe encuentro preocupado\u201d, dice el adulto mayor, quien a pesar que este d\u00eda recibir\u00e1 su dosis contra el coronavirus, cuenta con un familiar adulto mayor que ha presentado en las \u00faltimas horas fiebre de 38 grados. Su familiar, tambi\u00e9n adulto mayor, se encuentra dispuesto a ser vacunado, pero no sabe si es lo mejor.<\/p>\n\n\n\n<p>El se\u00f1or Wilfrido quiere asesor\u00eda, pero nadie est\u00e1 disponible en el m\u00f3dulo para orientarlo. \u201cAhora no s\u00e9 si traerlo, tambi\u00e9n es una persona con discapacidad, es dif\u00edcil moverlo. No quiero arriesgarme, exponerla y que luego me digan que no se puede\u201d, dijo con angustia.<\/p>\n\n\n\n<p>En el acceso a la sede de vacunaci\u00f3n se mantiene el orden, mientras que cientos de adultos esperan en distintas filas, por colonias, para ingresar. <\/p>\n\n\n\n<p>Sobre la violencia de ayer, el edil Dante Monta\u00f1o dijo este viernes que no presentar\u00e1 denuncia al respecto y que todo qued\u00f3 en el pasado, respecto al sujeto armado que presuntamente lo amag\u00f3; no obstante, evadi\u00f3 responder acercad de los bloqueos carreteros y quema de llantas que promovi\u00f3 y encabez\u00f3, y que tambi\u00e9n son delitos.<\/p>\n\n\n\n<p>Tanto en Santa Luc\u00eda del Camino como en los otros 10 municipios de la zona conurbada a la capital en los que se reprogram\u00f3 la jornada inici\u00f3 desde temprana hora el proceso de vacunaci\u00f3n sin incidentes reportados.<\/p>\n\n\n\n<p>Este jueves, el gobierno de Oaxaca anunci\u00f3 el arribo de 21 mil 450 dosis de vacunas contra el Covid-19 del laboratorio Pfizer, para continuar la jornada de vacunaci\u00f3n de personas adultas mayores en los Valles Centrales.<\/p>\n\n\n\n<p>En el resto de los municipios, como Santa Mar\u00eda Atzompa, Santa Mar\u00eda El Tule, San Sebasti\u00e1n Tutla, San Jacinto Amilpas, por citar algunos, hasta la tarde de hoy la jornada transcurre sin contratiempos.<\/p>\n","protected":false},"excerpt":{"rendered":"<p>Yuridiana Sosa\/Zona Roja. Oaxaca de Ju\u00e1rez, Oax., 12 de marzo de 2021.- Don Wilfrido, septuagenario,&hellip;<\/p>\n","protected":false},"author":2,"featured_media":24582,"comment_status":"closed","ping_status":"open","sticky":false,"template":"","format":"standard","meta":{"_lmt_disableupdate":"","_lmt_disable":"","_jetpack_memberships_contains_paid_content":false,"footnotes":""},"categories":[109,47],"tags":[1512],"class_list":["post-24581","post","type-post","status-publish","format-standard","has-post-thumbnail","hentry","category-minuto-a-minuto","category-zona-gris","tag-coronavirus-oaxaca"],"jetpack_featured_media_url":"https:\/\/zonaroja.com.mx\/wp-content\/uploads\/2021\/03\/Santa-Lucia-vacunacion.jpg","jetpack_sharing_enabled":true,"_links":{"self":[{"href":"https:\/\/zonaroja.com.mx\/index.php?rest_route=\/wp\/v2\/posts\/24581","targetHints":{"allow":["GET"]}}],"collection":[{"href":"https:\/\/zonaroja.com.mx\/index.php?rest_route=\/wp\/v2\/posts"}],"about":[{"href":"https:\/\/zonaroja.com.mx\/index.php?rest_route=\/wp\/v2\/types\/post"}],"author":[{"embeddable":true,"href":"https:\/\/zonaroja.com.mx\/index.php?rest_route=\/wp\/v2\/users\/2"}],"replies":[{"embeddable":true,"href":"https:\/\/zonaroja.com.mx\/index.php?rest_route=%2Fwp%2Fv2%2Fcomments&post=24581"}],"version-history":[{"count":1,"href":"https:\/\/zonaroja.com.mx\/index.php?rest_route=\/wp\/v2\/posts\/24581\/revisions"}],"predecessor-version":[{"id":24583,"href":"https:\/\/zonaroja.com.mx\/index.php?rest_route=\/wp\/v2\/posts\/24581\/revisions\/24583"}],"wp:featuredmedia":[{"embeddable":true,"href":"https:\/\/zonaroja.com.mx\/index.php?rest_route=\/wp\/v2\/media\/24582"}],"wp:attachment":[{"href":"https:\/\/zonaroja.com.mx\/index.php?rest_route=%2Fwp%2Fv2%2Fmedia&parent=24581"}],"wp:term":[{"taxonomy":"category","embeddable":true,"href":"https:\/\/zonaroja.com.mx\/index.php?rest_route=%2Fwp%2Fv2%2Fcategories&post=24581"},{"taxonomy":"post_tag","embeddable":true,"href":"https:\/\/zonaroja.com.mx\/index.php?rest_route=%2Fwp%2Fv2%2Ftags&post=24581"}],"curies":[{"name":"wp","href":"https:\/\/api.w.org\/{rel}","templated":true}]}}