{"id":24584,"date":"2021-03-12T17:15:42","date_gmt":"2021-03-12T23:15:42","guid":{"rendered":"http:\/\/www.zonaroja.com.mx\/?p=24584"},"modified":"2021-03-12T17:15:46","modified_gmt":"2021-03-12T23:15:46","slug":"iria-solo-pvem-por-presidencia-municipal-de-oaxaca-de-juarez-se-inscribe-aspirante","status":"publish","type":"post","link":"https:\/\/zonaroja.com.mx\/?p=24584","title":{"rendered":"Ir\u00eda solo PVEM por presidencia municipal de Oaxaca de Ju\u00e1rez; se inscribe aspirante"},"content":{"rendered":"\n<p>Yuridiana Sosa\/Zona Roja.<\/p>\n\n\n\n<p>Oaxaca de Ju\u00e1rez, Oax., 12 de marzo de 2021.- Tras varias semanas de un proceso interno y de protestas, en busca de su registro como precandidato a la presidencia municipal de Oaxaca de Ju\u00e1rez, el dirigente en la capital del Partido Verde Ecologista de M\u00e9xico (PVEM), Eduardo Reyes Santiago, logr\u00f3 concluir su procedimiento.<\/p>\n\n\n\n<p>De acuerdo con fuentes del instituto pol\u00edtico, hasta el momento es el \u00fanico precandidato registrado y con el cual ir\u00edan solos a la contienda electoral, sin alianzas con ning\u00fan otro partido.<\/p>\n\n\n\n<p>En conferencia, Reyes Santiago anunci\u00f3 que logr\u00f3 su registro la tarde de este viernes luego de una mesa de di\u00e1logo con el dirigente estatal del PVEM, Jos\u00e9 Antonio Estefan Guillesen, a quien acus\u00f3 d\u00edas antes imponer trabas para su postulaci\u00f3n como precandidato en incluso negociar con otros partidos un candidato ajeno al partido.<\/p>\n\n\n\n<p>El dirigente municipal apunt\u00f3 que ahora s\u00ed hay \u201ccancha pareja\u201d para todos precandidatos y apunt\u00f3 que las diferencias con Estefan Guillesen se aclararon, pues todo se debi\u00f3 una mala comunicaci\u00f3n, por lo que asume su responsabilidad en el procedimiento.<\/p>\n\n\n\n<p>Apunt\u00f3 que su registro es producto de todo el proceso que inici\u00f3, ante el Tribunal Estatal Electoral de Oaxaca y la Comisi\u00f3n Nacional de Honor y Justicia de Partido Verde; adem\u00e1s que apenas el mi\u00e9rcoles pasado se manifest\u00f3 y \u201ctom\u00f3\u201d de manera pac\u00edfica las instalaciones de su partido en la capital para exigir su registro.<\/p>\n\n\n\n<p>Para la designaci\u00f3n de candidatos, que realizar\u00e1 la Comisi\u00f3n Nacional de Procesos Electorales del Verde, se siente confiado en que ser\u00e1 el elegido para abanderar el proyecto para la capital del estado.<\/p>\n\n\n\n<p>No obstante, Eduardo Reyes, tambi\u00e9n dirigente municipal del partido, confi\u00f3 en que obtendr\u00e1 la candidatura e incluso asegur\u00f3 que tiene miles de militantes en la capital y podr\u00e1 dar la pelea contra los contendientes del PRI y de Morena.<\/p>\n","protected":false},"excerpt":{"rendered":"<p>Yuridiana Sosa\/Zona Roja. Oaxaca de Ju\u00e1rez, Oax., 12 de marzo de 2021.- Tras varias semanas&hellip;<\/p>\n","protected":false},"author":2,"featured_media":24585,"comment_status":"closed","ping_status":"open","sticky":false,"template":"","format":"standard","meta":{"_lmt_disableupdate":"","_lmt_disable":"","_jetpack_memberships_contains_paid_content":false,"footnotes":""},"categories":[109,46],"tags":[2435],"class_list":["post-24584","post","type-post","status-publish","format-standard","has-post-thumbnail","hentry","category-minuto-a-minuto","category-zona-blanca","tag-eduardo-reyes-santiago"],"jetpack_featured_media_url":"https:\/\/zonaroja.com.mx\/wp-content\/uploads\/2021\/03\/Eduardo-Reyes-Santiago.jpg","jetpack_sharing_enabled":true,"_links":{"self":[{"href":"https:\/\/zonaroja.com.mx\/index.php?rest_route=\/wp\/v2\/posts\/24584","targetHints":{"allow":["GET"]}}],"collection":[{"href":"https:\/\/zonaroja.com.mx\/index.php?rest_route=\/wp\/v2\/posts"}],"about":[{"href":"https:\/\/zonaroja.com.mx\/index.php?rest_route=\/wp\/v2\/types\/post"}],"author":[{"embeddable":true,"href":"https:\/\/zonaroja.com.mx\/index.php?rest_route=\/wp\/v2\/users\/2"}],"replies":[{"embeddable":true,"href":"https:\/\/zonaroja.com.mx\/index.php?rest_route=%2Fwp%2Fv2%2Fcomments&post=24584"}],"version-history":[{"count":1,"href":"https:\/\/zonaroja.com.mx\/index.php?rest_route=\/wp\/v2\/posts\/24584\/revisions"}],"predecessor-version":[{"id":24586,"href":"https:\/\/zonaroja.com.mx\/index.php?rest_route=\/wp\/v2\/posts\/24584\/revisions\/24586"}],"wp:featuredmedia":[{"embeddable":true,"href":"https:\/\/zonaroja.com.mx\/index.php?rest_route=\/wp\/v2\/media\/24585"}],"wp:attachment":[{"href":"https:\/\/zonaroja.com.mx\/index.php?rest_route=%2Fwp%2Fv2%2Fmedia&parent=24584"}],"wp:term":[{"taxonomy":"category","embeddable":true,"href":"https:\/\/zonaroja.com.mx\/index.php?rest_route=%2Fwp%2Fv2%2Fcategories&post=24584"},{"taxonomy":"post_tag","embeddable":true,"href":"https:\/\/zonaroja.com.mx\/index.php?rest_route=%2Fwp%2Fv2%2Ftags&post=24584"}],"curies":[{"name":"wp","href":"https:\/\/api.w.org\/{rel}","templated":true}]}}