{"id":24587,"date":"2021-03-12T18:26:45","date_gmt":"2021-03-13T00:26:45","guid":{"rendered":"http:\/\/www.zonaroja.com.mx\/?p=24587"},"modified":"2021-03-12T18:26:49","modified_gmt":"2021-03-13T00:26:49","slug":"confirman-asesinato-de-otra-mujer-en-el-istmo-la-mataron-con-su-esposo","status":"publish","type":"post","link":"https:\/\/zonaroja.com.mx\/?p=24587","title":{"rendered":"Confirman asesinato de otra mujer en el Istmo; la mataron con su esposo"},"content":{"rendered":"\n<p>Ismael Garc\u00eda M.\/Zona Roja.<\/p>\n\n\n\n<p>Oaxaca de Ju\u00e1rez, Oax., 12 de marzo de 2021.- De las seis personas asesinadas a balazos en el transcurso del mi\u00e9rcoles en hechos distintos, en la regi\u00f3n del Istmo de Tehuantepec, una era mujer, confirm\u00f3 la Agencia Estatal de Investigaciones (AEI).<\/p>\n\n\n\n<p>Se trata de Anah\u00ed M. G., de 29 a\u00f1os de edad, quien fue baleada junto con su esposo Freudy o Fredy E. C., de 31 a\u00f1os de edad, quienes laboraban en el bar \u201cLa Caverna\u201d del municipio de Mat\u00edas Romero Avenda\u00f1o y dejaron dos menores en la orfandad; ten\u00edan su domicilio en la colonia Hidalgo Norte.<\/p>\n\n\n\n<p>Una tercera persona fue agredida en los hechos de la noche del mi\u00e9rcoles en dicho establecimiento y muri\u00f3 posteriormente en un hospital; respondi\u00f3 en vida al nombre de David Ernesto P.C.<\/p>\n\n\n\n<p>Fueron tambi\u00e9n identificadas las dem\u00e1s v\u00edctimas ultimadas a balazos en el Istmo.<\/p>\n\n\n\n<p>Alrededor de las 23:00 horas fueron atacado a balazos los ocupantes de un veh\u00edculo, en la carretera federal 190, en el paraje \u201cLas Majadas\u201d de Magdalena Tequistl\u00e1n.<\/p>\n\n\n\n<p>Una de las v\u00edctimas fue identificada como el taxista, Ren\u00e9 V.; ambos murieron calcinados junto con la unidad de motor y eran originarios de Jalapa del Marqu\u00e9s.<\/p>\n\n\n\n<p>Asimismo, la madrugada del mi\u00e9rcoles, a las 03:20 horas en la calle 5 de Mayo de la colonia San Pablo Norte de Salina Cruz, sujetos armados siguieron a dos ocupantes de un autom\u00f3vil Nissan tipo Tsuru de color blanco, hasta darle alcance y los acribillaron en el arroyo de la calle 5 de Mayo en la colonia San Pablo Norte.<\/p>\n\n\n\n<p>Dentro de la unidad de motor quedaron sin vida las dos personas, lo cual fue confirmaron por personal param\u00e9dico que arrib\u00f3 al lugar.<\/p>\n\n\n\n<p>Las dos v\u00edctimas fueron reclamadas como Ferm\u00edn M.U. y Carlos F.V., de 24 y 15 a\u00f1os de edad respectivamente y los familiares pidieron investigar el caso para localizar a los responsables.<\/p>\n\n\n\n<p>Y tambi\u00e9n, en Mat\u00edas Romero, fue localizado putrefacto el cuerpo de un obrero que estaba reportado como desaparecido.<\/p>\n\n\n\n<p>El cuerpo fue localizado la ma\u00f1ana del mi\u00e9rcoles por pobladores de la comunidad de Barrancones fue trasladado al pante\u00f3n municipal donde fueron reclamados como Emi Eliel MF de 30 a\u00f1os de edad, conocido como El Galy, con domicilio en Santo Domingo Petapa.<\/p>\n\n\n\n<p>Por otra parte, ayer jueves en San Miguel Tlacamama fue ultimada a balazos una persona del sexo masculino. Se trata de un joven de 21 a\u00f1os de edad a\u00fan no identificado y el cuerpo se hall\u00f3 en inmediaciones de la localidad de El Zapote de dicho municipio de la regi\u00f3n coste\u00f1a.<\/p>\n","protected":false},"excerpt":{"rendered":"<p>Ismael Garc\u00eda M.\/Zona Roja. Oaxaca de Ju\u00e1rez, Oax., 12 de marzo de 2021.- De las&hellip;<\/p>\n","protected":false},"author":2,"featured_media":24588,"comment_status":"closed","ping_status":"open","sticky":false,"template":"","format":"standard","meta":{"_lmt_disableupdate":"","_lmt_disable":"","_jetpack_memberships_contains_paid_content":false,"footnotes":""},"categories":[109,51],"tags":[228],"class_list":["post-24587","post","type-post","status-publish","format-standard","has-post-thumbnail","hentry","category-minuto-a-minuto","category-zona-roja","tag-matias-romero-avendano"],"jetpack_featured_media_url":"https:\/\/zonaroja.com.mx\/wp-content\/uploads\/2021\/03\/Fredy-Espinosa-y-esposa-asesinados-Matias.jpg","jetpack_sharing_enabled":true,"_links":{"self":[{"href":"https:\/\/zonaroja.com.mx\/index.php?rest_route=\/wp\/v2\/posts\/24587","targetHints":{"allow":["GET"]}}],"collection":[{"href":"https:\/\/zonaroja.com.mx\/index.php?rest_route=\/wp\/v2\/posts"}],"about":[{"href":"https:\/\/zonaroja.com.mx\/index.php?rest_route=\/wp\/v2\/types\/post"}],"author":[{"embeddable":true,"href":"https:\/\/zonaroja.com.mx\/index.php?rest_route=\/wp\/v2\/users\/2"}],"replies":[{"embeddable":true,"href":"https:\/\/zonaroja.com.mx\/index.php?rest_route=%2Fwp%2Fv2%2Fcomments&post=24587"}],"version-history":[{"count":1,"href":"https:\/\/zonaroja.com.mx\/index.php?rest_route=\/wp\/v2\/posts\/24587\/revisions"}],"predecessor-version":[{"id":24589,"href":"https:\/\/zonaroja.com.mx\/index.php?rest_route=\/wp\/v2\/posts\/24587\/revisions\/24589"}],"wp:featuredmedia":[{"embeddable":true,"href":"https:\/\/zonaroja.com.mx\/index.php?rest_route=\/wp\/v2\/media\/24588"}],"wp:attachment":[{"href":"https:\/\/zonaroja.com.mx\/index.php?rest_route=%2Fwp%2Fv2%2Fmedia&parent=24587"}],"wp:term":[{"taxonomy":"category","embeddable":true,"href":"https:\/\/zonaroja.com.mx\/index.php?rest_route=%2Fwp%2Fv2%2Fcategories&post=24587"},{"taxonomy":"post_tag","embeddable":true,"href":"https:\/\/zonaroja.com.mx\/index.php?rest_route=%2Fwp%2Fv2%2Ftags&post=24587"}],"curies":[{"name":"wp","href":"https:\/\/api.w.org\/{rel}","templated":true}]}}