{"id":24590,"date":"2021-03-12T20:39:17","date_gmt":"2021-03-13T02:39:17","guid":{"rendered":"http:\/\/www.zonaroja.com.mx\/?p=24590"},"modified":"2021-03-12T20:39:20","modified_gmt":"2021-03-13T02:39:20","slug":"condenan-agresiones-contra-delegada-de-bienestar-por-parte-de-edil","status":"publish","type":"post","link":"https:\/\/zonaroja.com.mx\/?p=24590","title":{"rendered":"Condenan agresiones contra delegada de Bienestar por parte de edil"},"content":{"rendered":"\n<p>Yuridiana Sosa\/Zona Roja.<\/p>\n\n\n\n<p>Oaxaca de Ju\u00e1rez, Oax., 12 marzo 2021.- Militantes del Partido Morena reprobaron la agresi\u00f3n contra la delegada de los Programas Bienestar en Oaxaca, Nancy Ortiz Cabrera, y exigieron sanciones contra el edil Dante Monta\u00f1o, que encabez\u00f3 los ataques.<\/p>\n\n\n\n<p>La diputada local Magaly L\u00f3pez Dom\u00ednguez, conden\u00f3 los actos por parte de un grupo de pobladores de Santa Luc\u00eda del Camino, encabezados por su presidente municipal, Dante Monta\u00f1o Montero, registrados ayer.<\/p>\n\n\n\n<p>Por medio de su cuenta de Twitter, la integrante de la Comisi\u00f3n de Igualdad de G\u00e9nero y Derechos Humanos en la 64 Legislatura de Oaxaca, tambi\u00e9n record\u00f3 que es justamente por la violencia pol\u00edtica por raz\u00f3n de g\u00e9nero que Dante Monta\u00f1o qued\u00f3 imposibilitado para competir en la contienda electoral de este a\u00f1o.<\/p>\n\n\n\n<p>\u201cCondeno en\u00e9rgicamente la agresi\u00f3n f\u00edsica que sufri\u00f3 la delegada Nancy Ortiz; es inadmisible que alguien use las necesidades del pueblo como pretexto para atacar a quienes consideran sus oponentes pol\u00edticos\u201d, se\u00f1al\u00f3.<\/p>\n\n\n\n<p>Desde la noche del mi\u00e9rcoles, el edil de Santa Luc\u00eda del Camino convoc\u00f3 a movilizaciones por la suspensi\u00f3n de la jornada de vacunaci\u00f3n para los adultos mayores, e incluso confront\u00f3 a la delegada con la poblaci\u00f3n, con una llamada telef\u00f3nica en altavoz, con presencia de ciudadanos, donde exig\u00eda una explicaci\u00f3n clara sobre el aplazamiento.<\/p>\n\n\n\n<p>La legisladora Magaly L\u00f3pez precis\u00f3 en su publicaci\u00f3n que el Gobierno de M\u00e9xico hab\u00eda explicado que el retraso en las vacunas previstas para Santa Luc\u00eda del Camino y otros municipios; \u201cno es responsabilidad de la delegada, sino un problema mundial de producci\u00f3n, embarque y distribuci\u00f3n\u201d.<\/p>\n\n\n\n<p>Fue contundente en se\u00f1alar el protagonismo del edil: \u201cSe equivoca Dante Monta\u00f1o: los ataques de sus porros a la delegada de Bienestar Nancy Ortiz no tienen incidencia en las resoluciones del Tribunal Electoral que resolvi\u00f3 en su contra por violencia pol\u00edtica de g\u00e9nero y que ahora le impiden ser candidato\u201d.<\/p>\n\n\n\n<p>Y en una publicaci\u00f3n subsecuente escribi\u00f3: \u201cEl Tribunal Electoral ya dijo que Dante Monta\u00f1o no puede ser candidato, por cometer violencia pol\u00edtica de g\u00e9nero en el ayuntamiento que preside; la agresi\u00f3n f\u00edsica de hoy contra la delegada confirman la raz\u00f3n de esa sentencia\u201d.<\/p>\n\n\n\n<p>TAMBI\u00c9N SOSA<\/p>\n\n\n\n<p>A su vez, el activista, militante de Morena e integrante de la dirigencia de la organizaci\u00f3n Comuna Oaxaca, Flavio Sosa Villavicencio, reprob\u00f3 los hechos.<\/p>\n\n\n\n<p>\u201cOjal\u00e1 que hoy cese la feroz, mis\u00f3gina campa\u00f1a contra la delegada de Bienestar en Oaxaca, la compa\u00f1era Nancy Ortiz, cuya falta m\u00e1s grave es no alinearse a los poderes f\u00e1cticos en el estado.<\/p>\n\n\n\n<p>\u201cUsaron la justa exigencia de vacunas y lanzaron una campa\u00f1a que incluy\u00f3 amenazas, porros y ataques directos contra Nancy Ortiz. El presidente municipal, que es campe\u00f3n nacional en apertura y administraci\u00f3n de cantinas, antros y negocios conexos, fue comisionado para golpear\u201d, expuso en redes sociales.<\/p>\n\n\n\n<p>Por ello, demand\u00f3 la intervenci\u00f3n del subsecretario de Derechos Humanos de la Secretar\u00eda de Gobernaci\u00f3n, Alejandro Encinas, para que tome cartas en el asunto, pues la seguridad de Nancy Ortiz est\u00e1 en riesgo.<\/p>\n\n\n\n<p>Por su parte, el presidente de M\u00e9xico, Andr\u00e9s Manuel L\u00f3pez Obrador, indic\u00f3 en su conferencia matutina que lo ocurrido tambi\u00e9n tiene tintes pol\u00edticos y se revisar\u00e1 la situaci\u00f3n por el sentido de la contrataci\u00f3n guaruras por parte de la delegada Nancy Ortiz, pues de ser as\u00ed podr\u00eda ser sancionada.<\/p>\n\n\n\n<p>SE UNE MATEOS<\/p>\n\n\n\n<p>A su vez, otro de los integrantes de Comuna, C\u00e9sar Mateos Ben\u00edtez, dijo que la agresi\u00f3n f\u00edsica que sufri\u00f3 la delegada de la Secretar\u00eda de Bienestar en Oaxaca, Nancy Ortiz, son producto de una campa\u00f1a que emprendi\u00f3 el presidente municipal de Santa Luc\u00eda del Camino, Dante Monta\u00f1o, con el fin de obtener beneficios pol\u00edticos.<\/p>\n\n\n\n<p>Lament\u00f3 que el edil se preste al juego de la alianza del PRI, PAN y PRD para denostar al gobierno federal que encabeza el presidente Andr\u00e9s Manuel L\u00f3pez Obrador: \u201cjuega con la esperanza de la gente, llama a la confrontaci\u00f3n y a la violencia y todav\u00eda dice que es obradorista\u201d, cuestion\u00f3.<\/p>\n","protected":false},"excerpt":{"rendered":"<p>Yuridiana Sosa\/Zona Roja. Oaxaca de Ju\u00e1rez, Oax., 12 marzo 2021.- Militantes del Partido Morena reprobaron&hellip;<\/p>\n","protected":false},"author":2,"featured_media":24591,"comment_status":"closed","ping_status":"open","sticky":false,"template":"","format":"standard","meta":{"_lmt_disableupdate":"","_lmt_disable":"","_jetpack_memberships_contains_paid_content":false,"footnotes":""},"categories":[109,46],"tags":[192,272],"class_list":["post-24590","post","type-post","status-publish","format-standard","has-post-thumbnail","hentry","category-minuto-a-minuto","category-zona-blanca","tag-diputada-magaly-lopez-dominguez","tag-nancy-ortiz-cabrera"],"jetpack_featured_media_url":"https:\/\/zonaroja.com.mx\/wp-content\/uploads\/2021\/03\/Magaly-Lopez-Dom.jpg","jetpack_sharing_enabled":true,"_links":{"self":[{"href":"https:\/\/zonaroja.com.mx\/index.php?rest_route=\/wp\/v2\/posts\/24590","targetHints":{"allow":["GET"]}}],"collection":[{"href":"https:\/\/zonaroja.com.mx\/index.php?rest_route=\/wp\/v2\/posts"}],"about":[{"href":"https:\/\/zonaroja.com.mx\/index.php?rest_route=\/wp\/v2\/types\/post"}],"author":[{"embeddable":true,"href":"https:\/\/zonaroja.com.mx\/index.php?rest_route=\/wp\/v2\/users\/2"}],"replies":[{"embeddable":true,"href":"https:\/\/zonaroja.com.mx\/index.php?rest_route=%2Fwp%2Fv2%2Fcomments&post=24590"}],"version-history":[{"count":1,"href":"https:\/\/zonaroja.com.mx\/index.php?rest_route=\/wp\/v2\/posts\/24590\/revisions"}],"predecessor-version":[{"id":24592,"href":"https:\/\/zonaroja.com.mx\/index.php?rest_route=\/wp\/v2\/posts\/24590\/revisions\/24592"}],"wp:featuredmedia":[{"embeddable":true,"href":"https:\/\/zonaroja.com.mx\/index.php?rest_route=\/wp\/v2\/media\/24591"}],"wp:attachment":[{"href":"https:\/\/zonaroja.com.mx\/index.php?rest_route=%2Fwp%2Fv2%2Fmedia&parent=24590"}],"wp:term":[{"taxonomy":"category","embeddable":true,"href":"https:\/\/zonaroja.com.mx\/index.php?rest_route=%2Fwp%2Fv2%2Fcategories&post=24590"},{"taxonomy":"post_tag","embeddable":true,"href":"https:\/\/zonaroja.com.mx\/index.php?rest_route=%2Fwp%2Fv2%2Ftags&post=24590"}],"curies":[{"name":"wp","href":"https:\/\/api.w.org\/{rel}","templated":true}]}}