{"id":24603,"date":"2021-03-13T07:15:06","date_gmt":"2021-03-13T13:15:06","guid":{"rendered":"http:\/\/www.zonaroja.com.mx\/?p=24603"},"modified":"2021-03-13T07:15:16","modified_gmt":"2021-03-13T13:15:16","slug":"hay-toro-festina-salgado-macedonio-tras-ser-ratificado-candidato-pese-a-acusaciones","status":"publish","type":"post","link":"https:\/\/zonaroja.com.mx\/?p=24603","title":{"rendered":"\u201c\u00a1Hay Toro!\u201d, festina Salgado Macedonio, tras ser ratificado candidato pese a acusaciones"},"content":{"rendered":"\n<p>Redacci\u00f3n\/Zona Roja Cdmx.<\/p>\n\n\n\n<p>Ciudad de M\u00e9xico, 13 de marzo de 2021.- \u201cCompa\u00f1eras y compa\u00f1eros: muchas gracias al pueblo de Guerrero por refrendarme su confianza en otro nuevo ejercicio democr\u00e1tico que realiz\u00f3 mi Partido Morena. \u00a1Viva Guerrero! \u00a1Hay Toro!\u201d.<\/p>\n\n\n\n<p>As\u00ed festin\u00f3 F\u00e9lix Salgado Macedonio la ratificaci\u00f3n que hizo el instituto pol\u00edtico para ser candidato a la gubernatura, pese a m\u00faltiples se\u00f1alamientos de acoso sexual en su contra y a protestas a nivel nacional por la impunidad que prevalece.<\/p>\n\n\n\n<p>Y es que anoche, la Comisi\u00f3n Nacional de Elecciones de Morena ratific\u00f3 a Salgado Macedonio como el mejor posicionado para ser el candidato del partido en Guerrero.<\/p>\n\n\n\n<p>\u201cLa gente de Guerrero evalu\u00f3 y tom\u00f3 una decisi\u00f3n. Estamos obligados a respetarla. En la nueva encuesta F\u00e9lix Salgado Macedonio result\u00f3 el mejor posicionado, por lo que la Comisi\u00f3n Nacional de Elecciones lo ratifica en la candidatura a la gubernatura de Guerrero\u201d, inform\u00f3 en un comunicado.<\/p>\n\n\n\n<p>La Comisi\u00f3n reconoci\u00f3 las protestas, se\u00f1alando que \u201cson congruentes con la leg\u00edtima demanda de las mujeres de vivir una vida libre de violencia\u201d; sin embargo, record\u00f3 que la Comisi\u00f3n de Honestidad concluy\u00f3 que no hay \u201celementos para determinar la existencia de las conductas denunciadas\u201d.<\/p>\n\n\n\n<p>A pesar de reconocer la situaci\u00f3n, no dict\u00f3 ninguna medida para suspender la candidatura; en tanto grupos feminisitas insistieron en que \u201cUn violador no ser\u00e1 gobernador\u201d, y se prev\u00e9 m\u00e1s protestas no solamente en Guerrero, sino a nivel nacional.<\/p>\n\n\n\n<p>Con anterioridad, el Presidente Andr\u00e9s Manuel L\u00f3pez Obrador defendi\u00f3 al senador con licencia y culp\u00f3 a grupos pol\u00edticos el ataque contra F\u00e9lix Salgado y menospreci\u00f3 las peticiones de las v\u00edctimas y de grupos civiles.<\/p>\n","protected":false},"excerpt":{"rendered":"<p>Redacci\u00f3n\/Zona Roja Cdmx. Ciudad de M\u00e9xico, 13 de marzo de 2021.- \u201cCompa\u00f1eras y compa\u00f1eros: muchas&hellip;<\/p>\n","protected":false},"author":2,"featured_media":24604,"comment_status":"closed","ping_status":"open","sticky":false,"template":"","format":"standard","meta":{"_lmt_disableupdate":"","_lmt_disable":"","_jetpack_memberships_contains_paid_content":false,"footnotes":""},"categories":[109,47],"tags":[2352],"class_list":["post-24603","post","type-post","status-publish","format-standard","has-post-thumbnail","hentry","category-minuto-a-minuto","category-zona-gris","tag-felix-salgado-macedonio"],"jetpack_featured_media_url":"https:\/\/zonaroja.com.mx\/wp-content\/uploads\/2021\/03\/Felix-Salgado.png","jetpack_sharing_enabled":true,"_links":{"self":[{"href":"https:\/\/zonaroja.com.mx\/index.php?rest_route=\/wp\/v2\/posts\/24603","targetHints":{"allow":["GET"]}}],"collection":[{"href":"https:\/\/zonaroja.com.mx\/index.php?rest_route=\/wp\/v2\/posts"}],"about":[{"href":"https:\/\/zonaroja.com.mx\/index.php?rest_route=\/wp\/v2\/types\/post"}],"author":[{"embeddable":true,"href":"https:\/\/zonaroja.com.mx\/index.php?rest_route=\/wp\/v2\/users\/2"}],"replies":[{"embeddable":true,"href":"https:\/\/zonaroja.com.mx\/index.php?rest_route=%2Fwp%2Fv2%2Fcomments&post=24603"}],"version-history":[{"count":1,"href":"https:\/\/zonaroja.com.mx\/index.php?rest_route=\/wp\/v2\/posts\/24603\/revisions"}],"predecessor-version":[{"id":24605,"href":"https:\/\/zonaroja.com.mx\/index.php?rest_route=\/wp\/v2\/posts\/24603\/revisions\/24605"}],"wp:featuredmedia":[{"embeddable":true,"href":"https:\/\/zonaroja.com.mx\/index.php?rest_route=\/wp\/v2\/media\/24604"}],"wp:attachment":[{"href":"https:\/\/zonaroja.com.mx\/index.php?rest_route=%2Fwp%2Fv2%2Fmedia&parent=24603"}],"wp:term":[{"taxonomy":"category","embeddable":true,"href":"https:\/\/zonaroja.com.mx\/index.php?rest_route=%2Fwp%2Fv2%2Fcategories&post=24603"},{"taxonomy":"post_tag","embeddable":true,"href":"https:\/\/zonaroja.com.mx\/index.php?rest_route=%2Fwp%2Fv2%2Ftags&post=24603"}],"curies":[{"name":"wp","href":"https:\/\/api.w.org\/{rel}","templated":true}]}}