{"id":24606,"date":"2021-03-13T07:20:26","date_gmt":"2021-03-13T13:20:26","guid":{"rendered":"http:\/\/www.zonaroja.com.mx\/?p=24606"},"modified":"2021-03-13T07:20:30","modified_gmt":"2021-03-13T13:20:30","slug":"especializa-poder-judicial-a-profesionales-del-derecho-sobre-reforma-laboral","status":"publish","type":"post","link":"https:\/\/zonaroja.com.mx\/?p=24606","title":{"rendered":"Especializa Poder Judicial a profesionales del derecho sobre reforma laboral"},"content":{"rendered":"\n<p>Redacci\u00f3n\/Zona Roja.<\/p>\n\n\n\n<p>Oaxaca de Ju\u00e1rez, Oax., 13 de marzo de 2021.- Como parte del proceso de implementaci\u00f3n de la Reforma en materia de Justicia Laboral, que entrar\u00e1 en vigor en la entidad antes de que finalice este a\u00f1o, el Poder Judicial del Estado de Oaxaca dio inicio a la etapa de especializaci\u00f3n.<\/p>\n\n\n\n<p>En ese contexto, las Comisiones de Implementaci\u00f3n de Reformas Judiciales, de Carrera Judicial, en materia de Justicia Laboral y la Escuela Judicial, en coordinaci\u00f3n institucional con el Poder Ejecutivo, convocaron al Diplomado de Especializaci\u00f3n sobre la Reforma en materia de Justicia Laboral, que inici\u00f3 en la modalidad a distancia con la participaci\u00f3n de cerca de un centenar de abogados y abogadas.<\/p>\n\n\n\n<p>El objetivo es proporcionar a las y los participantes los saberes cognitivos, actitudinales, de habilidades y destrezas, especializados en el Nuevo Sistema de Justicia Laboral, a fin de que est\u00e9n en aptitud de aplicar la normatividad vigente en el desempe\u00f1o de la funci\u00f3n que les sea encomendada dentro del nuevo sistema de justicia laboral.<\/p>\n\n\n\n<p>El primer m\u00f3dulo del Diplomado fue impartido por la especialista en Derecho Laboral y Maestra en Derecho, Jazm\u00edn Rivera L\u00f3pez, con posgrado de Especializaci\u00f3n en \u201cConstituci\u00f3n Social y Derechos Humanos Laborales\u201d en la Universidad de Castilla La Mancha, Espa\u00f1a.<\/p>\n\n\n\n<p>Adem\u00e1s de tener impacto en la econom\u00eda, pol\u00edtica, los sindicatos y empresas, el nuevo modelo implica cambios como la eliminaci\u00f3n de las juntas de Conciliaci\u00f3n y Arbitraje, para ser sustituidas por Tribunales Laborales que dependan del Poder Judicial, donde las audiencias ser\u00e1n p\u00fablicas, presididas \u00edntegramente por el juez y todas las intervenciones de quienes participen ser\u00e1n en forma oral, con lo que se busca dar m\u00e1s celeridad a estos procedimientos.<\/p>\n\n\n\n<p>Al concluir con esta fase de especializaci\u00f3n, que marca a nivel federal el Plan Integral de Formaci\u00f3n y Selecci\u00f3n en materia de Justicia Laboral, se pasar\u00e1 a la selecci\u00f3n del personal que formar\u00e1 parte de los nuevos juzgados laborales.<\/p>\n","protected":false},"excerpt":{"rendered":"<p>Redacci\u00f3n\/Zona Roja. Oaxaca de Ju\u00e1rez, Oax., 13 de marzo de 2021.- Como parte del proceso&hellip;<\/p>\n","protected":false},"author":2,"featured_media":24607,"comment_status":"closed","ping_status":"open","sticky":false,"template":"","format":"standard","meta":{"_lmt_disableupdate":"","_lmt_disable":"","_jetpack_memberships_contains_paid_content":false,"footnotes":""},"categories":[109,46],"tags":[223],"class_list":["post-24606","post","type-post","status-publish","format-standard","has-post-thumbnail","hentry","category-minuto-a-minuto","category-zona-blanca","tag-poder-judicial-de-oaxaca"],"jetpack_featured_media_url":"https:\/\/zonaroja.com.mx\/wp-content\/uploads\/2021\/03\/01-Diplomado-Justicia-laboral.jpg","jetpack_sharing_enabled":true,"_links":{"self":[{"href":"https:\/\/zonaroja.com.mx\/index.php?rest_route=\/wp\/v2\/posts\/24606","targetHints":{"allow":["GET"]}}],"collection":[{"href":"https:\/\/zonaroja.com.mx\/index.php?rest_route=\/wp\/v2\/posts"}],"about":[{"href":"https:\/\/zonaroja.com.mx\/index.php?rest_route=\/wp\/v2\/types\/post"}],"author":[{"embeddable":true,"href":"https:\/\/zonaroja.com.mx\/index.php?rest_route=\/wp\/v2\/users\/2"}],"replies":[{"embeddable":true,"href":"https:\/\/zonaroja.com.mx\/index.php?rest_route=%2Fwp%2Fv2%2Fcomments&post=24606"}],"version-history":[{"count":1,"href":"https:\/\/zonaroja.com.mx\/index.php?rest_route=\/wp\/v2\/posts\/24606\/revisions"}],"predecessor-version":[{"id":24608,"href":"https:\/\/zonaroja.com.mx\/index.php?rest_route=\/wp\/v2\/posts\/24606\/revisions\/24608"}],"wp:featuredmedia":[{"embeddable":true,"href":"https:\/\/zonaroja.com.mx\/index.php?rest_route=\/wp\/v2\/media\/24607"}],"wp:attachment":[{"href":"https:\/\/zonaroja.com.mx\/index.php?rest_route=%2Fwp%2Fv2%2Fmedia&parent=24606"}],"wp:term":[{"taxonomy":"category","embeddable":true,"href":"https:\/\/zonaroja.com.mx\/index.php?rest_route=%2Fwp%2Fv2%2Fcategories&post=24606"},{"taxonomy":"post_tag","embeddable":true,"href":"https:\/\/zonaroja.com.mx\/index.php?rest_route=%2Fwp%2Fv2%2Ftags&post=24606"}],"curies":[{"name":"wp","href":"https:\/\/api.w.org\/{rel}","templated":true}]}}