{"id":24622,"date":"2021-03-13T15:58:32","date_gmt":"2021-03-13T21:58:32","guid":{"rendered":"http:\/\/www.zonaroja.com.mx\/?p=24622"},"modified":"2021-03-13T15:58:35","modified_gmt":"2021-03-13T21:58:35","slug":"culpan-a-policias-municipales-de-asesinar-a-un-individuo-en-ojitlan-oaxaca","status":"publish","type":"post","link":"https:\/\/zonaroja.com.mx\/?p=24622","title":{"rendered":"Culpan a polic\u00edas municipales de asesinar a un individuo en Ojitl\u00e1n, Oaxaca"},"content":{"rendered":"\n<p>Ismael Garc\u00eda M.\/Zona Roja.<\/p>\n\n\n\n<p>Oaxaca de Ju\u00e1rez, Oax., 13 de marzo de 2021.- Sujetos armados asesinaron a balazos la madrugada de hoy a una persona del sexo masculino, en San Lucas Ojitl\u00e1n, municipio de la regi\u00f3n Cuenca de Oaxaca.<\/p>\n\n\n\n<p>La familia de la v\u00edctima acusa que fueron elementos de la polic\u00eda municipal los autores del crimen, por lo que la Defensor\u00eda de los Derechos Humanos del Pueblo de Oaxaca (DDHPO) abri\u00f3 el expediente con n\u00famero DDHPO\/407\/(26)\/2021.<\/p>\n\n\n\n<p>Los hechos sucedieron alrededor de las 03:00 horas de este s\u00e1bado en la comunidad de Los \u00c1ngeles, donde ejecutaron a balazos a quien fue identificado como Nicol\u00e1s Palacios Carlos.<\/p>\n\n\n\n<p>Por el homicidio fue detenido el hijo del occiso, Juan Palacios E., a quien intentan inculpar del delito; sin embargo, \u00e9ste y sus dem\u00e1s familiares sostienen que fueron elementos policiacos municipales, al mando del comandante Alfonso a. L.<\/p>\n\n\n\n<p>Personal de la Agencia Estatal de Investigaciones, de la Fiscal\u00eda General del Estado, se encuentra en la zona para indagar los hechos.<\/p>\n\n\n\n<p>ASESINADO EN EJUTLA<\/p>\n\n\n\n<p>Por otra parte, ayer en Ejutla de Crespo, municipio de la regi\u00f3n Valles Centrales de Oaxaca, fue asesinado un individuo, afuera de un local de papeler\u00eda y renta de computadoras denominado \u201cNelo\u201d.<\/p>\n\n\n\n<p>La v\u00edctima fue identificada como Manuel Cano, dirigente de un grupo de mototaxis del sitio \u201cLa Natividad\u201d y ex agente municipal de La Ermita. Hasta el momento no hay personas detenidas por este caso ocurrido ayer por la ma\u00f1ana.<\/p>\n","protected":false},"excerpt":{"rendered":"<p>Ismael Garc\u00eda M.\/Zona Roja. Oaxaca de Ju\u00e1rez, Oax., 13 de marzo de 2021.- Sujetos armados&hellip;<\/p>\n","protected":false},"author":2,"featured_media":24623,"comment_status":"closed","ping_status":"open","sticky":false,"template":"","format":"standard","meta":{"_lmt_disableupdate":"","_lmt_disable":"","_jetpack_memberships_contains_paid_content":false,"footnotes":""},"categories":[109,47],"tags":[2517],"class_list":["post-24622","post","type-post","status-publish","format-standard","has-post-thumbnail","hentry","category-minuto-a-minuto","category-zona-gris","tag-san-lucas-oji"],"jetpack_featured_media_url":"https:\/\/zonaroja.com.mx\/wp-content\/uploads\/2021\/03\/San-Lucas-Ojitlan.jpg","jetpack_sharing_enabled":true,"_links":{"self":[{"href":"https:\/\/zonaroja.com.mx\/index.php?rest_route=\/wp\/v2\/posts\/24622","targetHints":{"allow":["GET"]}}],"collection":[{"href":"https:\/\/zonaroja.com.mx\/index.php?rest_route=\/wp\/v2\/posts"}],"about":[{"href":"https:\/\/zonaroja.com.mx\/index.php?rest_route=\/wp\/v2\/types\/post"}],"author":[{"embeddable":true,"href":"https:\/\/zonaroja.com.mx\/index.php?rest_route=\/wp\/v2\/users\/2"}],"replies":[{"embeddable":true,"href":"https:\/\/zonaroja.com.mx\/index.php?rest_route=%2Fwp%2Fv2%2Fcomments&post=24622"}],"version-history":[{"count":1,"href":"https:\/\/zonaroja.com.mx\/index.php?rest_route=\/wp\/v2\/posts\/24622\/revisions"}],"predecessor-version":[{"id":24624,"href":"https:\/\/zonaroja.com.mx\/index.php?rest_route=\/wp\/v2\/posts\/24622\/revisions\/24624"}],"wp:featuredmedia":[{"embeddable":true,"href":"https:\/\/zonaroja.com.mx\/index.php?rest_route=\/wp\/v2\/media\/24623"}],"wp:attachment":[{"href":"https:\/\/zonaroja.com.mx\/index.php?rest_route=%2Fwp%2Fv2%2Fmedia&parent=24622"}],"wp:term":[{"taxonomy":"category","embeddable":true,"href":"https:\/\/zonaroja.com.mx\/index.php?rest_route=%2Fwp%2Fv2%2Fcategories&post=24622"},{"taxonomy":"post_tag","embeddable":true,"href":"https:\/\/zonaroja.com.mx\/index.php?rest_route=%2Fwp%2Fv2%2Ftags&post=24622"}],"curies":[{"name":"wp","href":"https:\/\/api.w.org\/{rel}","templated":true}]}}